{"id":11921,"date":"2026-09-01T12:41:27","date_gmt":"2026-09-01T11:41:27","guid":{"rendered":"https:\/\/sprf.asso.fr\/sprfwp\/?p=11921"},"modified":"2026-09-01T12:41:27","modified_gmt":"2026-09-01T11:41:27","slug":"journee-scientifique-psychiatrie-et-psychanalyse-deuils-et-perspectives","status":"publish","type":"post","link":"https:\/\/sprf.asso.fr\/sprfwp\/2026\/09\/01\/journee-scientifique-psychiatrie-et-psychanalyse-deuils-et-perspectives\/","title":{"rendered":"Journ\u00e9e scientifique \u00ab\u00a0Psychiatrie et psychanalyse : deuils et perspectives\u00a0\u00bb"},"content":{"rendered":"<h4>Samedi 23 janvier 2027 de 9h00 \u00e0 17h00<\/h4>\n<h4>AQNDC &#8211; 92bis, bd du Montparnasse 75014 Paris &#8211; Uniquement en pr\u00e9sence.<\/h4>\n<p>&nbsp;<\/p>\n<p><strong>ARGUMENT<\/strong><\/p>\n<p style=\"text-align: justify;\"><img fetchpriority=\"high\" decoding=\"async\" class=\"alignleft wp-image-11923 size-medium\" src=\"https:\/\/sprf.asso.fr\/sprfwp\/wp-content\/uploads\/2026\/09\/Visuel-JS2701-e1788256817498-212x300.jpg\" alt=\"\" width=\"212\" height=\"300\" srcset=\"https:\/\/sprf.asso.fr\/sprfwp\/wp-content\/uploads\/2026\/09\/Visuel-JS2701-e1788256817498-212x300.jpg 212w, https:\/\/sprf.asso.fr\/sprfwp\/wp-content\/uploads\/2026\/09\/Visuel-JS2701-e1788256817498.jpg 472w\" sizes=\"(max-width: 212px) 100vw, 212px\" \/><\/p>\n<p style=\"font-weight: 400; text-align: justify;\">Depuis quelques d\u00e9cennies, on observe entre la psychiatrie et la psychanalyse un divorce silencieux, invisible, dont personne ne parle \u00e0 commencer par les psychanalystes, distance inversement proportionnelle \u00e0 la surexposition de la psychanalyse dans les institutions de soin dans les ann\u00e9es 70, o\u00f9 la th\u00e9orie psychanalytique \u00e9tait partout et infiltrait le corpus psychiatrique. L\u2019antipsychiatrie \u00e9tait pass\u00e9e par l\u00e0. Les psychiatres avaient leur propre internat, les infirmiers un dipl\u00f4me sp\u00e9cifique, la psychiatrie \u00e9tait une discipline \u00ab \u00e0 part \u00bb.<\/p>\n<p style=\"font-weight: 400; text-align: justify;\">Au tournant du si\u00e8cle, la psychiatrie s&rsquo;est tourn\u00e9e vers les neurosciences et les th\u00e9rapies comportementales, dans un souci d\u2019efficacit\u00e9 en phase avec les nouvelles valeurs soci\u00e9tales, rejetant progressivement l\u2019approche psychanalytique. Imperceptiblement, puis dans une acc\u00e9l\u00e9ration de plus en plus marqu\u00e9e. La psychanalyse a \u00e9t\u00e9 rel\u00e9gu\u00e9e du c\u00f4t\u00e9 des sciences occultes, tandis que la psychiatrie a rejoint lentement mais s\u00fbrement la discipline qu\u2019elle avait quitt\u00e9e : la neurologie. \u00c0 pr\u00e9sent la notion de Sant\u00e9 mentale prime, transformant la douleur psychique en troubles mentaux. Les troubles neurod\u00e9veloppementaux occupent l\u2019espace, ob\u00e9rant toute r\u00e9f\u00e9rence \u00e0 la vie psychique dans ses dimensions dynamique et conflictuelle. Plus d\u2019inconscient, mais des comportements qu\u2019il faut cat\u00e9goriser, objectiver \u00e0 travers l\u2019imagerie m\u00e9dicale, et corriger.<\/p>\n<p style=\"font-weight: 400; text-align: justify;\">Que s\u2019est-il pass\u00e9 ? Pourquoi la psychiatrie a-t-elle perdu cette approche humaniste, ses liens avec l\u2019anthropologie et la ph\u00e9nom\u00e9nologie ? Et pourquoi la psychanalyse a-t-elle sembl\u00e9 se satisfaire de cette rel\u00e9gation alors m\u00eame &#8211; faut-il le rappeler ? &#8211; que c\u2019est \u00e0 la Salpetri\u00e8re, aupr\u00e8s de Charcot, qu\u2019elle a pris naissance ? S\u2019agit-il d\u2019un divorce ou plut\u00f4t d\u2019une dilution ?<\/p>\n<p style=\"font-weight: 400; text-align: justify;\">Les tenants d\u2019une psychanalyse omnipr\u00e9sente, omnisciente et id\u00e9alis\u00e9e n\u2019ont-ils pas coup\u00e9 la branche sur laquelle reposaient les liens entre psychanalyse et psychiatrie en imposant une guerre de chapelles \u00e0 laquelle nous avons trop souvent assist\u00e9 en institution et qui se rejoue de mani\u00e8re invers\u00e9e aujourd\u2019hui o\u00f9 c\u2019est la psychanalyse qui est invalid\u00e9e et a perdu son prestige ? Dans cette lutte d&rsquo;influence tout le monde est perdant car la pens\u00e9e s\u2019appauvrit de n\u2019\u00eatre multiple, comme le sujet.<\/p>\n<p style=\"font-weight: 400; text-align: justify;\">Ces deux disciplines peuvent-elles rester \u00e9loign\u00e9es, refusant de s\u2019interpeller et d\u2019\u00eatre interpell\u00e9es l\u2019une par l\u2019autre ? Certes il est plus commode et rassurant de ne pas risquer d\u2019interroger ses certitudes, son \u00ab or pur \u00bb, ne pas s\u2019\u00e9loigner de son champ lexical ni se confronter \u00e0 la complexit\u00e9 du sujet dans son enti\u00e8ret\u00e9. Mais la premi\u00e8re victime de ce clivage est le patient. Un clivage qui renvoie \u00e0 un clivage corps\/psych\u00e9, v\u00e9ritable n\u00e9gation de la pulsion.<\/p>\n<p style=\"font-weight: 400; text-align: justify;\">Alors ouvrons le d\u00e9bat et interrogeons-nous sur notre propre passivit\u00e9 face \u00e0 ces \u00e9volutions.<\/p>\n<p style=\"font-weight: 400; text-align: justify;\">Passifs, tous ne le sont pourtant pas.<\/p>\n<p style=\"font-weight: 400; text-align: justify;\">Quoique de moins en moins nombreux, des psychiatres et psychologues cliniciens psychanalystes continuent de \u00ab se frotter \u00bb \u00e0 la psychiatrie, proposant une analyse tant clinique qu\u2019institutionnelle et portant une attention particuli\u00e8re \u00e0 la sp\u00e9cificit\u00e9 de cette pratique en institution : m\u00e9tier \u00e0 part enti\u00e8re \u00e0 ne pas confondre avec le cadre et la technique de la cure en cabinet. Parall\u00e8lement, des services de psychiatrie et des coll\u00e8gues soignants font encore appel \u00e0 des psychanalystes, sous forme notamment de supervisions individuelles ou de groupes de r\u00e9flexion clinique, dans un croisement des approches fructueux pour chacun.<\/p>\n<p style=\"font-weight: 400; text-align: justify;\">C\u2019est pourquoi nous avons souhait\u00e9, par cette journ\u00e9e scientifique, interroger diff\u00e9rentes facettes des relations qu\u2019entretiennent la psychiatrie et la psychanalyse, comprenant certes la distance, voire la d\u00e9fiance, mais aussi les perspectives port\u00e9es par des coll\u00e8gues engag\u00e9s qui \u0153uvrent avec humilit\u00e9 \u00e0 maintenir des ponts vivants entre ces deux champs de la rencontre avec l\u2019humain.<\/p>\n<p><strong><span style=\"color: #000000;\">INTERVENANTS<\/span><\/strong><\/p>\n<ul>\n<li style=\"font-weight: 400;\"><strong>Bruno FALISSARD<\/strong> (Math\u00e9maticien, p\u00e9dopsychiatre)<\/li>\n<li style=\"font-weight: 400;\"><strong>Bernard GOLSE<\/strong> (P\u00e9dopsychiatre, membre APF)<\/li>\n<li style=\"font-weight: 400;\"><strong>Jean-Philippe GU\u00c9GUEN<\/strong> (Membre formateur SPRF)<\/li>\n<li style=\"font-weight: 400;\"><strong>Ioana LAZAR<\/strong> (Membre affili\u00e9e SPRF)<\/li>\n<li style=\"font-weight: 400;\"><strong>Roxana LAZAROVICI<\/strong> (AEF SPRF)<\/li>\n<li style=\"font-weight: 400;\"><strong>Brigitte OUHAYOUN<\/strong> (M\u00e9decin cheffe du p\u00f4le PDR-P, GHU Paris Psychiatrie et Neurosciences)<\/li>\n<\/ul>\n<p><span style=\"color: #000000;\"><strong>Participation : Plein tarif : 90\u20ac &#8211; Analystes en formations, \u00e9tudiants : 45\u20ac<\/strong><\/span><\/p>\n<p><strong><span style=\"color: #993300;\"><a style=\"color: #993300;\" href=\"mailto:sprf@sprf.asso.fr?subject=Demande%20d'inscription%20-%20Journ\u00e9e%20scientifique%20le%2023%2F01%2F27%20%20%3A%20Psychiatrie%20et%20psychanalyse%20:%2C%20deuils%20et%20perspectives&amp;body=Bonjour%2C%0AJe%20souhaite%20m'inscrire%20\u00e0%20la%20Journ\u00e9e%20scientifique%0A%22Psychiatrie%20et%20psychanalyse%20:%2C%20deuils%20et%20perspectives%22%2C%0Adu%20samedi%2023%20janvier%202027%20(09h%20\u00e0%2012h)%2C%0A%0Aqui%20a%20lieu%20en%20pr\u00e9sence%20\u00e0%20l'AQNDC%20%3A%2092bis%2C%20Boulevard%20du%20Montparnasse%2075014%20Paris%0A%0ANom%20%3A%0A%0APr\u00e9nom%20%3A%0A%0AAdresse%20%3A%0A%0AT\u00e9l\u00e9phone%20%3A%0A%0AMail%20%3A%20%0ASupprimer%20les%20mentions%20inutiles%20%3A%0A%0A*Plein%20tarif%20%3A%2090\u20ac%0A*Tarif%20AEF%20et%20\u00e9tudiants%20%3A%2045\u20ac%20(Merci%20de%20nous%20transmettre%20un%20justificatif)%0A%0A*Paiement%20par%20ch\u00e8que%20\u00e0%20l'ordre%20de%20la%20SPRF%2C%20\u00e0%20envoyer%20%3A%0ASPRF%20chez%20Mme%20Abdoucheli-Dejours%20-%20140%20avenue%20d'Italie%2075013%20Paris.%0A%0A*Paiement%20par%20virement%20-%20Merci%20de%20noter%20dans%20le%20libell\u00e9%20votre%20NOM%20%0ARIB%20SPRF%20%3A%20%20FR76%201820%206001%204160%203022%207461%20422%20%20Code%20BIC%20%3A%20AGRIFRPP882%20\">Inscription par mail (Paiement par ch\u00e8que ou virement)<\/a><\/span><\/strong><\/p>\n<p><span style=\"color: #993300;\"><strong><a style=\"color: #993300;\" href=\"https:\/\/pay.brevo.com\/c372b838-ffd7-4e8c-b3ed-5d957db290cb\" target=\"_blank\" rel=\"noopener\">Inscription et paiement par carte bancaire<\/a><\/strong><\/span><\/p>\n","protected":false},"excerpt":{"rendered":"<p>Samedi 23 janvier 2027 de 9h00 \u00e0 17h00 AQNDC &#8211; 92bis, bd du Montparnasse 75014 Paris &#8211; Uniquement en pr\u00e9sence. &nbsp; ARGUMENT Depuis quelques d\u00e9cennies, on observe entre la psychiatrie et la psychanalyse un divorce silencieux, invisible, dont personne ne parle \u00e0 commencer par les psychanalystes, distance inversement proportionnelle \u00e0 la surexposition de la psychanalyse [&hellip;]<\/p>\n","protected":false},"author":1,"featured_media":11923,"comment_status":"closed","ping_status":"closed","sticky":false,"template":"","format":"standard","meta":{"_acf_changed":false,"site-sidebar-layout":"default","site-content-layout":"","ast-site-content-layout":"default","site-content-style":"default","site-sidebar-style":"default","ast-global-header-display":"","ast-banner-title-visibility":"","ast-main-header-display":"","ast-hfb-above-header-display":"","ast-hfb-below-header-display":"","ast-hfb-mobile-header-display":"","site-post-title":"","ast-breadcrumbs-content":"","ast-featured-img":"","footer-sml-layout":"","ast-disable-related-posts":"","theme-transparent-header-meta":"default","adv-header-id-meta":"","stick-header-meta":"","header-above-stick-meta":"","header-main-stick-meta":"","header-below-stick-meta":"","astra-migrate-meta-layouts":"set","ast-page-background-enabled":"default","ast-page-background-meta":{"desktop":{"background-color":"var(--ast-global-color-4)","background-image":"","background-repeat":"repeat","background-position":"center center","background-size":"auto","background-attachment":"scroll","background-type":"","background-media":"","overlay-type":"","overlay-color":"","overlay-opacity":"","overlay-gradient":""},"tablet":{"background-color":"","background-image":"","background-repeat":"repeat","background-position":"center center","background-size":"auto","background-attachment":"scroll","background-type":"","background-media":"","overlay-type":"","overlay-color":"","overlay-opacity":"","overlay-gradient":""},"mobile":{"background-color":"","background-image":"","background-repeat":"repeat","background-position":"center center","background-size":"auto","background-attachment":"scroll","background-type":"","background-media":"","overlay-type":"","overlay-color":"","overlay-opacity":"","overlay-gradient":""}},"ast-content-background-meta":{"desktop":{"background-color":"var(--ast-global-color-5)","background-image":"","background-repeat":"repeat","background-position":"center center","background-size":"auto","background-attachment":"scroll","background-type":"","background-media":"","overlay-type":"","overlay-color":"","overlay-opacity":"","overlay-gradient":""},"tablet":{"background-color":"var(--ast-global-color-5)","background-image":"","background-repeat":"repeat","background-position":"center center","background-size":"auto","background-attachment":"scroll","background-type":"","background-media":"","overlay-type":"","overlay-color":"","overlay-opacity":"","overlay-gradient":""},"mobile":{"background-color":"var(--ast-global-color-5)","background-image":"","background-repeat":"repeat","background-position":"center center","background-size":"auto","background-attachment":"scroll","background-type":"","background-media":"","overlay-type":"","overlay-color":"","overlay-opacity":"","overlay-gradient":""}},"footnotes":""},"categories":[694,2006,2009],"tags":[2035],"class_list":["post-11921","post","type-post","status-publish","format-standard","has-post-thumbnail","hentry","category-activites","category-activites-externes","category-journee-scientifique","tag-2035"],"acf":[],"yoast_head":"<!-- This site is optimized with the Yoast SEO plugin v28.4 - https:\/\/yoast.com\/product\/yoast-seo-wordpress\/ -->\n<title>Journ\u00e9e scientifique &quot;Psychiatrie et psychanalyse : deuils et perspectives&quot; - Soci\u00e9t\u00e9 Psychanalytique de Recherche et de Formation<\/title>\n<meta name=\"robots\" content=\"index, follow, max-snippet:-1, max-image-preview:large, max-video-preview:-1\" \/>\n<link rel=\"canonical\" href=\"https:\/\/sprf.asso.fr\/sprfwp\/2026\/09\/01\/journee-scientifique-psychiatrie-et-psychanalyse-deuils-et-perspectives\/\" \/>\n<meta property=\"og:locale\" content=\"fr_FR\" \/>\n<meta property=\"og:type\" content=\"article\" \/>\n<meta property=\"og:title\" content=\"Journ\u00e9e scientifique &quot;Psychiatrie et psychanalyse : deuils et perspectives&quot; - Soci\u00e9t\u00e9 Psychanalytique de Recherche et de Formation\" \/>\n<meta property=\"og:description\" content=\"Samedi 23 janvier 2027 de 9h00 \u00e0 17h00 AQNDC &#8211; 92bis, bd du Montparnasse 75014 Paris &#8211; Uniquement en pr\u00e9sence. &nbsp; ARGUMENT Depuis quelques d\u00e9cennies, on observe entre la psychiatrie et la psychanalyse un divorce silencieux, invisible, dont personne ne parle \u00e0 commencer par les psychanalystes, distance inversement proportionnelle \u00e0 la surexposition de la psychanalyse [&hellip;]\" \/>\n<meta property=\"og:url\" content=\"https:\/\/sprf.asso.fr\/sprfwp\/2026\/09\/01\/journee-scientifique-psychiatrie-et-psychanalyse-deuils-et-perspectives\/\" \/>\n<meta property=\"og:site_name\" content=\"Soci\u00e9t\u00e9 Psychanalytique de Recherche et de Formation\" \/>\n<meta property=\"article:published_time\" content=\"2026-09-01T11:41:27+00:00\" \/>\n<meta property=\"og:image\" content=\"https:\/\/sprf.asso.fr\/sprfwp\/wp-content\/uploads\/2026\/09\/Visuel-JS2701-e1788256817498.jpg\" \/>\n\t<meta property=\"og:image:width\" content=\"472\" \/>\n\t<meta property=\"og:image:height\" content=\"668\" \/>\n\t<meta property=\"og:image:type\" content=\"image\/jpeg\" \/>\n<meta name=\"author\" content=\"assosprf\" \/>\n<meta name=\"twitter:card\" content=\"summary_large_image\" \/>\n<meta name=\"twitter:label1\" content=\"\u00c9crit par\" \/>\n\t<meta name=\"twitter:data1\" content=\"assosprf\" \/>\n\t<meta name=\"twitter:label2\" content=\"Dur\u00e9e de lecture estim\u00e9e\" \/>\n\t<meta name=\"twitter:data2\" content=\"4 minutes\" \/>\n<script type=\"application\/ld+json\" class=\"yoast-schema-graph\">{\"@context\":\"https:\\\/\\\/schema.org\",\"@graph\":[{\"@type\":\"Article\",\"@id\":\"https:\\\/\\\/sprf.asso.fr\\\/sprfwp\\\/2026\\\/09\\\/01\\\/journee-scientifique-psychiatrie-et-psychanalyse-deuils-et-perspectives\\\/#article\",\"isPartOf\":{\"@id\":\"https:\\\/\\\/sprf.asso.fr\\\/sprfwp\\\/2026\\\/09\\\/01\\\/journee-scientifique-psychiatrie-et-psychanalyse-deuils-et-perspectives\\\/\"},\"author\":{\"name\":\"assosprf\",\"@id\":\"https:\\\/\\\/sprf.asso.fr\\\/sprfwp\\\/#\\\/schema\\\/person\\\/ea85d1cf64d3c1db2ad01a1d281f0a6f\"},\"headline\":\"Journ\u00e9e scientifique \u00ab\u00a0Psychiatrie et psychanalyse : deuils et perspectives\u00a0\u00bb\",\"datePublished\":\"2026-09-01T11:41:27+00:00\",\"mainEntityOfPage\":{\"@id\":\"https:\\\/\\\/sprf.asso.fr\\\/sprfwp\\\/2026\\\/09\\\/01\\\/journee-scientifique-psychiatrie-et-psychanalyse-deuils-et-perspectives\\\/\"},\"wordCount\":728,\"publisher\":{\"@id\":\"https:\\\/\\\/sprf.asso.fr\\\/sprfwp\\\/#organization\"},\"image\":{\"@id\":\"https:\\\/\\\/sprf.asso.fr\\\/sprfwp\\\/2026\\\/09\\\/01\\\/journee-scientifique-psychiatrie-et-psychanalyse-deuils-et-perspectives\\\/#primaryimage\"},\"thumbnailUrl\":\"https:\\\/\\\/sprf.asso.fr\\\/sprfwp\\\/wp-content\\\/uploads\\\/2026\\\/09\\\/Visuel-JS2701-e1788256817498.jpg\",\"keywords\":[\"2027\"],\"articleSection\":[\"activit\u00e9s\",\"activit\u00e9s externes\",\"Journ\u00e9e scientifique\"],\"inLanguage\":\"fr-FR\"},{\"@type\":\"WebPage\",\"@id\":\"https:\\\/\\\/sprf.asso.fr\\\/sprfwp\\\/2026\\\/09\\\/01\\\/journee-scientifique-psychiatrie-et-psychanalyse-deuils-et-perspectives\\\/\",\"url\":\"https:\\\/\\\/sprf.asso.fr\\\/sprfwp\\\/2026\\\/09\\\/01\\\/journee-scientifique-psychiatrie-et-psychanalyse-deuils-et-perspectives\\\/\",\"name\":\"Journ\u00e9e scientifique \\\"Psychiatrie et psychanalyse : deuils et perspectives\\\" - Soci\u00e9t\u00e9 Psychanalytique de Recherche et de Formation\",\"isPartOf\":{\"@id\":\"https:\\\/\\\/sprf.asso.fr\\\/sprfwp\\\/#website\"},\"primaryImageOfPage\":{\"@id\":\"https:\\\/\\\/sprf.asso.fr\\\/sprfwp\\\/2026\\\/09\\\/01\\\/journee-scientifique-psychiatrie-et-psychanalyse-deuils-et-perspectives\\\/#primaryimage\"},\"image\":{\"@id\":\"https:\\\/\\\/sprf.asso.fr\\\/sprfwp\\\/2026\\\/09\\\/01\\\/journee-scientifique-psychiatrie-et-psychanalyse-deuils-et-perspectives\\\/#primaryimage\"},\"thumbnailUrl\":\"https:\\\/\\\/sprf.asso.fr\\\/sprfwp\\\/wp-content\\\/uploads\\\/2026\\\/09\\\/Visuel-JS2701-e1788256817498.jpg\",\"datePublished\":\"2026-09-01T11:41:27+00:00\",\"breadcrumb\":{\"@id\":\"https:\\\/\\\/sprf.asso.fr\\\/sprfwp\\\/2026\\\/09\\\/01\\\/journee-scientifique-psychiatrie-et-psychanalyse-deuils-et-perspectives\\\/#breadcrumb\"},\"inLanguage\":\"fr-FR\",\"potentialAction\":[{\"@type\":\"ReadAction\",\"target\":[\"https:\\\/\\\/sprf.asso.fr\\\/sprfwp\\\/2026\\\/09\\\/01\\\/journee-scientifique-psychiatrie-et-psychanalyse-deuils-et-perspectives\\\/\"]}]},{\"@type\":\"ImageObject\",\"inLanguage\":\"fr-FR\",\"@id\":\"https:\\\/\\\/sprf.asso.fr\\\/sprfwp\\\/2026\\\/09\\\/01\\\/journee-scientifique-psychiatrie-et-psychanalyse-deuils-et-perspectives\\\/#primaryimage\",\"url\":\"https:\\\/\\\/sprf.asso.fr\\\/sprfwp\\\/wp-content\\\/uploads\\\/2026\\\/09\\\/Visuel-JS2701-e1788256817498.jpg\",\"contentUrl\":\"https:\\\/\\\/sprf.asso.fr\\\/sprfwp\\\/wp-content\\\/uploads\\\/2026\\\/09\\\/Visuel-JS2701-e1788256817498.jpg\",\"width\":472,\"height\":668},{\"@type\":\"BreadcrumbList\",\"@id\":\"https:\\\/\\\/sprf.asso.fr\\\/sprfwp\\\/2026\\\/09\\\/01\\\/journee-scientifique-psychiatrie-et-psychanalyse-deuils-et-perspectives\\\/#breadcrumb\",\"itemListElement\":[{\"@type\":\"ListItem\",\"position\":1,\"name\":\"Accueil\",\"item\":\"https:\\\/\\\/sprf.asso.fr\\\/sprfwp\\\/\"},{\"@type\":\"ListItem\",\"position\":2,\"name\":\"Journ\u00e9e scientifique \u00ab\u00a0Psychiatrie et psychanalyse : deuils et perspectives\u00a0\u00bb\"}]},{\"@type\":\"WebSite\",\"@id\":\"https:\\\/\\\/sprf.asso.fr\\\/sprfwp\\\/#website\",\"url\":\"https:\\\/\\\/sprf.asso.fr\\\/sprfwp\\\/\",\"name\":\"Soci\u00e9t\u00e9 Psychanalytique de Recherche et de Formation\",\"description\":\"Membre de l&#039;API - Fond\u00e9e en 2005\",\"publisher\":{\"@id\":\"https:\\\/\\\/sprf.asso.fr\\\/sprfwp\\\/#organization\"},\"potentialAction\":[{\"@type\":\"SearchAction\",\"target\":{\"@type\":\"EntryPoint\",\"urlTemplate\":\"https:\\\/\\\/sprf.asso.fr\\\/sprfwp\\\/?s={search_term_string}\"},\"query-input\":{\"@type\":\"PropertyValueSpecification\",\"valueRequired\":true,\"valueName\":\"search_term_string\"}}],\"inLanguage\":\"fr-FR\"},{\"@type\":\"Organization\",\"@id\":\"https:\\\/\\\/sprf.asso.fr\\\/sprfwp\\\/#organization\",\"name\":\"Soci\u00e9t\u00e9 Psychanalytique de Recherche et de Formation\",\"url\":\"https:\\\/\\\/sprf.asso.fr\\\/sprfwp\\\/\",\"logo\":{\"@type\":\"ImageObject\",\"inLanguage\":\"fr-FR\",\"@id\":\"https:\\\/\\\/sprf.asso.fr\\\/sprfwp\\\/#\\\/schema\\\/logo\\\/image\\\/\",\"url\":\"https:\\\/\\\/sprf.asso.fr\\\/sprfwp\\\/wp-content\\\/uploads\\\/2021\\\/09\\\/LogoIndex_K_260_neg-3_shade.png\",\"contentUrl\":\"https:\\\/\\\/sprf.asso.fr\\\/sprfwp\\\/wp-content\\\/uploads\\\/2021\\\/09\\\/LogoIndex_K_260_neg-3_shade.png\",\"width\":352,\"height\":201,\"caption\":\"Soci\u00e9t\u00e9 Psychanalytique de Recherche et de Formation\"},\"image\":{\"@id\":\"https:\\\/\\\/sprf.asso.fr\\\/sprfwp\\\/#\\\/schema\\\/logo\\\/image\\\/\"}},{\"@type\":\"Person\",\"@id\":\"https:\\\/\\\/sprf.asso.fr\\\/sprfwp\\\/#\\\/schema\\\/person\\\/ea85d1cf64d3c1db2ad01a1d281f0a6f\",\"name\":\"assosprf\",\"image\":{\"@type\":\"ImageObject\",\"inLanguage\":\"fr-FR\",\"@id\":\"https:\\\/\\\/secure.gravatar.com\\\/avatar\\\/2339597710471fe510550478dfe5c2ad3a9fed8173d189a0db221e40a28fa9dc?s=96&d=mm&r=g\",\"url\":\"https:\\\/\\\/secure.gravatar.com\\\/avatar\\\/2339597710471fe510550478dfe5c2ad3a9fed8173d189a0db221e40a28fa9dc?s=96&d=mm&r=g\",\"contentUrl\":\"https:\\\/\\\/secure.gravatar.com\\\/avatar\\\/2339597710471fe510550478dfe5c2ad3a9fed8173d189a0db221e40a28fa9dc?s=96&d=mm&r=g\",\"caption\":\"assosprf\"},\"url\":\"https:\\\/\\\/sprf.asso.fr\\\/sprfwp\\\/author\\\/assosprf\\\/\"}]}<\/script>\n<!-- \/ Yoast SEO plugin. -->","yoast_head_json":{"title":"Journ\u00e9e scientifique \"Psychiatrie et psychanalyse : deuils et perspectives\" - Soci\u00e9t\u00e9 Psychanalytique de Recherche et de Formation","robots":{"index":"index","follow":"follow","max-snippet":"max-snippet:-1","max-image-preview":"max-image-preview:large","max-video-preview":"max-video-preview:-1"},"canonical":"https:\/\/sprf.asso.fr\/sprfwp\/2026\/09\/01\/journee-scientifique-psychiatrie-et-psychanalyse-deuils-et-perspectives\/","og_locale":"fr_FR","og_type":"article","og_title":"Journ\u00e9e scientifique \"Psychiatrie et psychanalyse : deuils et perspectives\" - Soci\u00e9t\u00e9 Psychanalytique de Recherche et de Formation","og_description":"Samedi 23 janvier 2027 de 9h00 \u00e0 17h00 AQNDC &#8211; 92bis, bd du Montparnasse 75014 Paris &#8211; Uniquement en pr\u00e9sence. &nbsp; ARGUMENT Depuis quelques d\u00e9cennies, on observe entre la psychiatrie et la psychanalyse un divorce silencieux, invisible, dont personne ne parle \u00e0 commencer par les psychanalystes, distance inversement proportionnelle \u00e0 la surexposition de la psychanalyse [&hellip;]","og_url":"https:\/\/sprf.asso.fr\/sprfwp\/2026\/09\/01\/journee-scientifique-psychiatrie-et-psychanalyse-deuils-et-perspectives\/","og_site_name":"Soci\u00e9t\u00e9 Psychanalytique de Recherche et de Formation","article_published_time":"2026-09-01T11:41:27+00:00","og_image":[{"width":472,"height":668,"url":"https:\/\/sprf.asso.fr\/sprfwp\/wp-content\/uploads\/2026\/09\/Visuel-JS2701-e1788256817498.jpg","type":"image\/jpeg"}],"author":"assosprf","twitter_card":"summary_large_image","twitter_misc":{"\u00c9crit par":"assosprf","Dur\u00e9e de lecture estim\u00e9e":"4 minutes"},"schema":{"@context":"https:\/\/schema.org","@graph":[{"@type":"Article","@id":"https:\/\/sprf.asso.fr\/sprfwp\/2026\/09\/01\/journee-scientifique-psychiatrie-et-psychanalyse-deuils-et-perspectives\/#article","isPartOf":{"@id":"https:\/\/sprf.asso.fr\/sprfwp\/2026\/09\/01\/journee-scientifique-psychiatrie-et-psychanalyse-deuils-et-perspectives\/"},"author":{"name":"assosprf","@id":"https:\/\/sprf.asso.fr\/sprfwp\/#\/schema\/person\/ea85d1cf64d3c1db2ad01a1d281f0a6f"},"headline":"Journ\u00e9e scientifique \u00ab\u00a0Psychiatrie et psychanalyse : deuils et perspectives\u00a0\u00bb","datePublished":"2026-09-01T11:41:27+00:00","mainEntityOfPage":{"@id":"https:\/\/sprf.asso.fr\/sprfwp\/2026\/09\/01\/journee-scientifique-psychiatrie-et-psychanalyse-deuils-et-perspectives\/"},"wordCount":728,"publisher":{"@id":"https:\/\/sprf.asso.fr\/sprfwp\/#organization"},"image":{"@id":"https:\/\/sprf.asso.fr\/sprfwp\/2026\/09\/01\/journee-scientifique-psychiatrie-et-psychanalyse-deuils-et-perspectives\/#primaryimage"},"thumbnailUrl":"https:\/\/sprf.asso.fr\/sprfwp\/wp-content\/uploads\/2026\/09\/Visuel-JS2701-e1788256817498.jpg","keywords":["2027"],"articleSection":["activit\u00e9s","activit\u00e9s externes","Journ\u00e9e scientifique"],"inLanguage":"fr-FR"},{"@type":"WebPage","@id":"https:\/\/sprf.asso.fr\/sprfwp\/2026\/09\/01\/journee-scientifique-psychiatrie-et-psychanalyse-deuils-et-perspectives\/","url":"https:\/\/sprf.asso.fr\/sprfwp\/2026\/09\/01\/journee-scientifique-psychiatrie-et-psychanalyse-deuils-et-perspectives\/","name":"Journ\u00e9e scientifique \"Psychiatrie et psychanalyse : deuils et perspectives\" - Soci\u00e9t\u00e9 Psychanalytique de Recherche et de Formation","isPartOf":{"@id":"https:\/\/sprf.asso.fr\/sprfwp\/#website"},"primaryImageOfPage":{"@id":"https:\/\/sprf.asso.fr\/sprfwp\/2026\/09\/01\/journee-scientifique-psychiatrie-et-psychanalyse-deuils-et-perspectives\/#primaryimage"},"image":{"@id":"https:\/\/sprf.asso.fr\/sprfwp\/2026\/09\/01\/journee-scientifique-psychiatrie-et-psychanalyse-deuils-et-perspectives\/#primaryimage"},"thumbnailUrl":"https:\/\/sprf.asso.fr\/sprfwp\/wp-content\/uploads\/2026\/09\/Visuel-JS2701-e1788256817498.jpg","datePublished":"2026-09-01T11:41:27+00:00","breadcrumb":{"@id":"https:\/\/sprf.asso.fr\/sprfwp\/2026\/09\/01\/journee-scientifique-psychiatrie-et-psychanalyse-deuils-et-perspectives\/#breadcrumb"},"inLanguage":"fr-FR","potentialAction":[{"@type":"ReadAction","target":["https:\/\/sprf.asso.fr\/sprfwp\/2026\/09\/01\/journee-scientifique-psychiatrie-et-psychanalyse-deuils-et-perspectives\/"]}]},{"@type":"ImageObject","inLanguage":"fr-FR","@id":"https:\/\/sprf.asso.fr\/sprfwp\/2026\/09\/01\/journee-scientifique-psychiatrie-et-psychanalyse-deuils-et-perspectives\/#primaryimage","url":"https:\/\/sprf.asso.fr\/sprfwp\/wp-content\/uploads\/2026\/09\/Visuel-JS2701-e1788256817498.jpg","contentUrl":"https:\/\/sprf.asso.fr\/sprfwp\/wp-content\/uploads\/2026\/09\/Visuel-JS2701-e1788256817498.jpg","width":472,"height":668},{"@type":"BreadcrumbList","@id":"https:\/\/sprf.asso.fr\/sprfwp\/2026\/09\/01\/journee-scientifique-psychiatrie-et-psychanalyse-deuils-et-perspectives\/#breadcrumb","itemListElement":[{"@type":"ListItem","position":1,"name":"Accueil","item":"https:\/\/sprf.asso.fr\/sprfwp\/"},{"@type":"ListItem","position":2,"name":"Journ\u00e9e scientifique \u00ab\u00a0Psychiatrie et psychanalyse : deuils et perspectives\u00a0\u00bb"}]},{"@type":"WebSite","@id":"https:\/\/sprf.asso.fr\/sprfwp\/#website","url":"https:\/\/sprf.asso.fr\/sprfwp\/","name":"Soci\u00e9t\u00e9 Psychanalytique de Recherche et de Formation","description":"Membre de l&#039;API - Fond\u00e9e en 2005","publisher":{"@id":"https:\/\/sprf.asso.fr\/sprfwp\/#organization"},"potentialAction":[{"@type":"SearchAction","target":{"@type":"EntryPoint","urlTemplate":"https:\/\/sprf.asso.fr\/sprfwp\/?s={search_term_string}"},"query-input":{"@type":"PropertyValueSpecification","valueRequired":true,"valueName":"search_term_string"}}],"inLanguage":"fr-FR"},{"@type":"Organization","@id":"https:\/\/sprf.asso.fr\/sprfwp\/#organization","name":"Soci\u00e9t\u00e9 Psychanalytique de Recherche et de Formation","url":"https:\/\/sprf.asso.fr\/sprfwp\/","logo":{"@type":"ImageObject","inLanguage":"fr-FR","@id":"https:\/\/sprf.asso.fr\/sprfwp\/#\/schema\/logo\/image\/","url":"https:\/\/sprf.asso.fr\/sprfwp\/wp-content\/uploads\/2021\/09\/LogoIndex_K_260_neg-3_shade.png","contentUrl":"https:\/\/sprf.asso.fr\/sprfwp\/wp-content\/uploads\/2021\/09\/LogoIndex_K_260_neg-3_shade.png","width":352,"height":201,"caption":"Soci\u00e9t\u00e9 Psychanalytique de Recherche et de Formation"},"image":{"@id":"https:\/\/sprf.asso.fr\/sprfwp\/#\/schema\/logo\/image\/"}},{"@type":"Person","@id":"https:\/\/sprf.asso.fr\/sprfwp\/#\/schema\/person\/ea85d1cf64d3c1db2ad01a1d281f0a6f","name":"assosprf","image":{"@type":"ImageObject","inLanguage":"fr-FR","@id":"https:\/\/secure.gravatar.com\/avatar\/2339597710471fe510550478dfe5c2ad3a9fed8173d189a0db221e40a28fa9dc?s=96&d=mm&r=g","url":"https:\/\/secure.gravatar.com\/avatar\/2339597710471fe510550478dfe5c2ad3a9fed8173d189a0db221e40a28fa9dc?s=96&d=mm&r=g","contentUrl":"https:\/\/secure.gravatar.com\/avatar\/2339597710471fe510550478dfe5c2ad3a9fed8173d189a0db221e40a28fa9dc?s=96&d=mm&r=g","caption":"assosprf"},"url":"https:\/\/sprf.asso.fr\/sprfwp\/author\/assosprf\/"}]}},"_links":{"self":[{"href":"https:\/\/sprf.asso.fr\/sprfwp\/wp-json\/wp\/v2\/posts\/11921","targetHints":{"allow":["GET"]}}],"collection":[{"href":"https:\/\/sprf.asso.fr\/sprfwp\/wp-json\/wp\/v2\/posts"}],"about":[{"href":"https:\/\/sprf.asso.fr\/sprfwp\/wp-json\/wp\/v2\/types\/post"}],"author":[{"embeddable":true,"href":"https:\/\/sprf.asso.fr\/sprfwp\/wp-json\/wp\/v2\/users\/1"}],"replies":[{"embeddable":true,"href":"https:\/\/sprf.asso.fr\/sprfwp\/wp-json\/wp\/v2\/comments?post=11921"}],"version-history":[{"count":6,"href":"https:\/\/sprf.asso.fr\/sprfwp\/wp-json\/wp\/v2\/posts\/11921\/revisions"}],"predecessor-version":[{"id":11928,"href":"https:\/\/sprf.asso.fr\/sprfwp\/wp-json\/wp\/v2\/posts\/11921\/revisions\/11928"}],"wp:featuredmedia":[{"embeddable":true,"href":"https:\/\/sprf.asso.fr\/sprfwp\/wp-json\/wp\/v2\/media\/11923"}],"wp:attachment":[{"href":"https:\/\/sprf.asso.fr\/sprfwp\/wp-json\/wp\/v2\/media?parent=11921"}],"wp:term":[{"taxonomy":"category","embeddable":true,"href":"https:\/\/sprf.asso.fr\/sprfwp\/wp-json\/wp\/v2\/categories?post=11921"},{"taxonomy":"post_tag","embeddable":true,"href":"https:\/\/sprf.asso.fr\/sprfwp\/wp-json\/wp\/v2\/tags?post=11921"}],"curies":[{"name":"wp","href":"https:\/\/api.w.org\/{rel}","templated":true}]}}