{"id":11721,"date":"2026-04-27T09:48:44","date_gmt":"2026-04-27T08:48:44","guid":{"rendered":"https:\/\/sprf.asso.fr\/sprfwp\/?p=11721"},"modified":"2026-04-27T09:49:32","modified_gmt":"2026-04-27T08:49:32","slug":"presentation-du-livre-la-psychanalyse-du-rio-de-la-plata-a-la-librairie-compagnie","status":"publish","type":"post","link":"https:\/\/sprf.asso.fr\/sprfwp\/2026\/04\/27\/presentation-du-livre-la-psychanalyse-du-rio-de-la-plata-a-la-librairie-compagnie\/","title":{"rendered":"Pr\u00e9sentation du livre \u00ab\u00a0La Psychanalyse du Rio de la Plata\u00a0\u00bb \u00e0 la librairie Compagnie"},"content":{"rendered":"<p><strong>\u00c0 para\u00eetre le 22 mai !<\/strong><\/p>\n<p><img fetchpriority=\"high\" decoding=\"async\" style=\"border: 1px solid #CCC;\" class=\"alignleft wp-image-11722 size-medium\" src=\"https:\/\/sprf.asso.fr\/sprfwp\/wp-content\/uploads\/2026\/04\/202606-Image-livre-RIO-de-la-Plata-210x300.jpg\" alt=\"\" width=\"210\" height=\"300\" srcset=\"https:\/\/sprf.asso.fr\/sprfwp\/wp-content\/uploads\/2026\/04\/202606-Image-livre-RIO-de-la-Plata-210x300.jpg 210w, https:\/\/sprf.asso.fr\/sprfwp\/wp-content\/uploads\/2026\/04\/202606-Image-livre-RIO-de-la-Plata-716x1024.jpg 716w, https:\/\/sprf.asso.fr\/sprfwp\/wp-content\/uploads\/2026\/04\/202606-Image-livre-RIO-de-la-Plata-768x1098.jpg 768w, https:\/\/sprf.asso.fr\/sprfwp\/wp-content\/uploads\/2026\/04\/202606-Image-livre-RIO-de-la-Plata-1074x1536.jpg 1074w, https:\/\/sprf.asso.fr\/sprfwp\/wp-content\/uploads\/2026\/04\/202606-Image-livre-RIO-de-la-Plata.jpg 1432w\" sizes=\"(max-width: 210px) 100vw, 210px\" \/>Dans le sud de l\u2019Am\u00e9rique latine, entre Buenos Aires et Montevideo, deux cents kilom\u00e8tres et une large rivi\u00e8re qui a tout d\u2019une mer : l\u2019estuaire du R\u00edo de la Plata. Depuis les ann\u00e9es 1950, on le sait, un tr\u00e8s important mouvement psychanalytique s\u2019y est d\u00e9velopp\u00e9. L\u2019originalit\u00e9, la modernit\u00e9 et la richesse de la pens\u00e9e de ces premiers temps surprennent. Le contre-transfert, l\u2019agir dans la s\u00e9ance, le champ dynamique et le cadre, sont les th\u00e8mes des quatre textes retenus ici. Les deux premiers d\u2019Enrique Racker (1901-1961) et Luisa \u00c1lvarez de Toledo (1915-1990) ont, d\u00e8s le d\u00e9part, tout particuli\u00e8rement marqu\u00e9 la psychanalyse en Argentine et en Uruguay, en montrant la pr\u00e9sence active du contre-transfert et de l\u2019action dans la s\u00e9ance. Avec la notion de \u00ab champ dynamique \u00bb, Madeleine et Willy Baranger (1920-2017 et 1922-1994) ont propos\u00e9 une mani\u00e8re de penser le \u00ab processus psychanalytique \u00bb, tout comme Jos\u00e9 Bleger (1922-1972) qui &#8211; en apportant les notions d\u2019indiff\u00e9renciation et d\u2019ambigu\u00eft\u00e9 &#8211; a montr\u00e9 que le cadre psychanalytique n\u2019est ni inerte ni purement formel. \u00c0 travers leurs textes nouvellement traduits ou retraduits, les lecteurs pourront se faire une id\u00e9e d\u2019un important courant de pens\u00e9e au sein du mouvement psychanalytique. Fondamentaux, historiques, ces quatre textes sont aussi des classiques intemporels de la psychanalyse, des v\u00e9ritables tr\u00e9sors pour le clinicien capable de s\u2019en approprier. Leopoldo Bleger a quitt\u00e9 l\u2019Argentine en 1976, apr\u00e8s ses \u00e9tudes de m\u00e9decine et de psychiatrie. Depuis, il r\u00e9side et travaille \u00e0 Paris. Il est membre formateur de l\u2019Association psychanalytique de France (APF) dont il a \u00e9t\u00e9 le Pr\u00e9sident (2017-2019). Il est l\u2019auteur de l\u2019ouvrage \u2018Analyse en pr\u00e9sence, analyse \u00e0 distance\u2019 (Puf, 2024) et co-\u00e9diteur de \u2018Sp\u00e9cificit\u00e9s du traitement psychanalytique aujourd\u2019hui ; Naissance d\u2019une m\u00e9thode\u2019 (Ithaque, 2025).<\/p>\n<p>&nbsp;<\/p>\n<p style=\"text-align: center;\"><strong>La libraire Compagnie et les \u00c9ditions Ithaque vous convient \u00e0 un d\u00e9bat<\/strong><br \/>\n<strong>pour la pr\u00e9sentation du livre<\/strong><br \/>\n<strong>en pr\u00e9sence des auteurs et de Jean-Claude Stoloff<\/strong><br \/>\n<span style=\"font-size: 18pt;\"><strong>le jeudi 4 juin \u00e0 20h<\/strong><\/span><br \/>\n<strong>58 rue des \u00c9coles 75005-Paris<\/strong><\/p>\n","protected":false},"excerpt":{"rendered":"<p>\u00c0 para\u00eetre le 22 mai ! Dans le sud de l\u2019Am\u00e9rique latine, entre Buenos Aires et Montevideo, deux cents kilom\u00e8tres et une large rivi\u00e8re qui a tout d\u2019une mer : l\u2019estuaire du R\u00edo de la Plata. Depuis les ann\u00e9es 1950, on le sait, un tr\u00e8s important mouvement psychanalytique s\u2019y est d\u00e9velopp\u00e9. L\u2019originalit\u00e9, la modernit\u00e9 et [&hellip;]<\/p>\n","protected":false},"author":3,"featured_media":11722,"comment_status":"closed","ping_status":"closed","sticky":false,"template":"","format":"standard","meta":{"_acf_changed":false,"site-sidebar-layout":"default","site-content-layout":"","ast-site-content-layout":"default","site-content-style":"default","site-sidebar-style":"default","ast-global-header-display":"","ast-banner-title-visibility":"","ast-main-header-display":"","ast-hfb-above-header-display":"","ast-hfb-below-header-display":"","ast-hfb-mobile-header-display":"","site-post-title":"","ast-breadcrumbs-content":"","ast-featured-img":"","footer-sml-layout":"","ast-disable-related-posts":"","theme-transparent-header-meta":"default","adv-header-id-meta":"","stick-header-meta":"","header-above-stick-meta":"","header-main-stick-meta":"","header-below-stick-meta":"","astra-migrate-meta-layouts":"set","ast-page-background-enabled":"default","ast-page-background-meta":{"desktop":{"background-color":"var(--ast-global-color-4)","background-image":"","background-repeat":"repeat","background-position":"center center","background-size":"auto","background-attachment":"scroll","background-type":"","background-media":"","overlay-type":"","overlay-color":"","overlay-opacity":"","overlay-gradient":""},"tablet":{"background-color":"","background-image":"","background-repeat":"repeat","background-position":"center center","background-size":"auto","background-attachment":"scroll","background-type":"","background-media":"","overlay-type":"","overlay-color":"","overlay-opacity":"","overlay-gradient":""},"mobile":{"background-color":"","background-image":"","background-repeat":"repeat","background-position":"center center","background-size":"auto","background-attachment":"scroll","background-type":"","background-media":"","overlay-type":"","overlay-color":"","overlay-opacity":"","overlay-gradient":""}},"ast-content-background-meta":{"desktop":{"background-color":"var(--ast-global-color-5)","background-image":"","background-repeat":"repeat","background-position":"center center","background-size":"auto","background-attachment":"scroll","background-type":"","background-media":"","overlay-type":"","overlay-color":"","overlay-opacity":"","overlay-gradient":""},"tablet":{"background-color":"var(--ast-global-color-5)","background-image":"","background-repeat":"repeat","background-position":"center center","background-size":"auto","background-attachment":"scroll","background-type":"","background-media":"","overlay-type":"","overlay-color":"","overlay-opacity":"","overlay-gradient":""},"mobile":{"background-color":"var(--ast-global-color-5)","background-image":"","background-repeat":"repeat","background-position":"center center","background-size":"auto","background-attachment":"scroll","background-type":"","background-media":"","overlay-type":"","overlay-color":"","overlay-opacity":"","overlay-gradient":""}},"footnotes":""},"categories":[932],"tags":[2033,2018],"class_list":["post-11721","post","type-post","status-publish","format-standard","has-post-thumbnail","hentry","category-actualites-de-la-colonne-de-droite","tag-2033","tag-accueil"],"acf":[],"yoast_head":"<!-- This site is optimized with the Yoast SEO plugin v27.4 - https:\/\/yoast.com\/product\/yoast-seo-wordpress\/ -->\n<title>Pr\u00e9sentation du livre \u00ab\u00a0La Psychanalyse du Rio de la Plata\u00a0\u00bb \u00e0 la librairie Compagnie - Soci\u00e9t\u00e9 Psychanalytique de Recherche et de Formation<\/title>\n<meta name=\"robots\" content=\"index, follow, max-snippet:-1, max-image-preview:large, max-video-preview:-1\" \/>\n<link rel=\"canonical\" href=\"https:\/\/sprf.asso.fr\/sprfwp\/2026\/04\/27\/presentation-du-livre-la-psychanalyse-du-rio-de-la-plata-a-la-librairie-compagnie\/\" \/>\n<meta property=\"og:locale\" content=\"fr_FR\" \/>\n<meta property=\"og:type\" content=\"article\" \/>\n<meta property=\"og:title\" content=\"Pr\u00e9sentation du livre \u00ab\u00a0La Psychanalyse du Rio de la Plata\u00a0\u00bb \u00e0 la librairie Compagnie - Soci\u00e9t\u00e9 Psychanalytique de Recherche et de Formation\" \/>\n<meta property=\"og:description\" content=\"\u00c0 para\u00eetre le 22 mai ! Dans le sud de l\u2019Am\u00e9rique latine, entre Buenos Aires et Montevideo, deux cents kilom\u00e8tres et une large rivi\u00e8re qui a tout d\u2019une mer : l\u2019estuaire du R\u00edo de la Plata. Depuis les ann\u00e9es 1950, on le sait, un tr\u00e8s important mouvement psychanalytique s\u2019y est d\u00e9velopp\u00e9. L\u2019originalit\u00e9, la modernit\u00e9 et [&hellip;]\" \/>\n<meta property=\"og:url\" content=\"https:\/\/sprf.asso.fr\/sprfwp\/2026\/04\/27\/presentation-du-livre-la-psychanalyse-du-rio-de-la-plata-a-la-librairie-compagnie\/\" \/>\n<meta property=\"og:site_name\" content=\"Soci\u00e9t\u00e9 Psychanalytique de Recherche et de Formation\" \/>\n<meta property=\"article:published_time\" content=\"2026-04-27T08:48:44+00:00\" \/>\n<meta property=\"article:modified_time\" content=\"2026-04-27T08:49:32+00:00\" \/>\n<meta property=\"og:image\" content=\"https:\/\/sprf.asso.fr\/sprfwp\/wp-content\/uploads\/2026\/04\/202606-Image-livre-RIO-de-la-Plata.jpg\" \/>\n\t<meta property=\"og:image:width\" content=\"1432\" \/>\n\t<meta property=\"og:image:height\" content=\"2048\" \/>\n\t<meta property=\"og:image:type\" content=\"image\/jpeg\" \/>\n<meta name=\"author\" content=\"Philippe Daubry\" \/>\n<meta name=\"twitter:card\" content=\"summary_large_image\" \/>\n<meta name=\"twitter:label1\" content=\"\u00c9crit par\" \/>\n\t<meta name=\"twitter:data1\" content=\"Philippe Daubry\" \/>\n\t<meta name=\"twitter:label2\" content=\"Dur\u00e9e de lecture estim\u00e9e\" \/>\n\t<meta name=\"twitter:data2\" content=\"3 minutes\" \/>\n<script type=\"application\/ld+json\" class=\"yoast-schema-graph\">{\"@context\":\"https:\\\/\\\/schema.org\",\"@graph\":[{\"@type\":\"Article\",\"@id\":\"https:\\\/\\\/sprf.asso.fr\\\/sprfwp\\\/2026\\\/04\\\/27\\\/presentation-du-livre-la-psychanalyse-du-rio-de-la-plata-a-la-librairie-compagnie\\\/#article\",\"isPartOf\":{\"@id\":\"https:\\\/\\\/sprf.asso.fr\\\/sprfwp\\\/2026\\\/04\\\/27\\\/presentation-du-livre-la-psychanalyse-du-rio-de-la-plata-a-la-librairie-compagnie\\\/\"},\"author\":{\"name\":\"Philippe Daubry\",\"@id\":\"https:\\\/\\\/sprf.asso.fr\\\/sprfwp\\\/#\\\/schema\\\/person\\\/5fbe27abc7e3b816c55fad5e20d3f8ce\"},\"headline\":\"Pr\u00e9sentation du livre \u00ab\u00a0La Psychanalyse du Rio de la Plata\u00a0\u00bb \u00e0 la librairie Compagnie\",\"datePublished\":\"2026-04-27T08:48:44+00:00\",\"dateModified\":\"2026-04-27T08:49:32+00:00\",\"mainEntityOfPage\":{\"@id\":\"https:\\\/\\\/sprf.asso.fr\\\/sprfwp\\\/2026\\\/04\\\/27\\\/presentation-du-livre-la-psychanalyse-du-rio-de-la-plata-a-la-librairie-compagnie\\\/\"},\"wordCount\":376,\"publisher\":{\"@id\":\"https:\\\/\\\/sprf.asso.fr\\\/sprfwp\\\/#organization\"},\"image\":{\"@id\":\"https:\\\/\\\/sprf.asso.fr\\\/sprfwp\\\/2026\\\/04\\\/27\\\/presentation-du-livre-la-psychanalyse-du-rio-de-la-plata-a-la-librairie-compagnie\\\/#primaryimage\"},\"thumbnailUrl\":\"https:\\\/\\\/sprf.asso.fr\\\/sprfwp\\\/wp-content\\\/uploads\\\/2026\\\/04\\\/202606-Image-livre-RIO-de-la-Plata.jpg\",\"keywords\":[\"2026\",\"accueil\"],\"articleSection\":[\"actualit\u00e9s\"],\"inLanguage\":\"fr-FR\"},{\"@type\":\"WebPage\",\"@id\":\"https:\\\/\\\/sprf.asso.fr\\\/sprfwp\\\/2026\\\/04\\\/27\\\/presentation-du-livre-la-psychanalyse-du-rio-de-la-plata-a-la-librairie-compagnie\\\/\",\"url\":\"https:\\\/\\\/sprf.asso.fr\\\/sprfwp\\\/2026\\\/04\\\/27\\\/presentation-du-livre-la-psychanalyse-du-rio-de-la-plata-a-la-librairie-compagnie\\\/\",\"name\":\"Pr\u00e9sentation du livre \u00ab\u00a0La Psychanalyse du Rio de la Plata\u00a0\u00bb \u00e0 la librairie Compagnie - Soci\u00e9t\u00e9 Psychanalytique de Recherche et de Formation\",\"isPartOf\":{\"@id\":\"https:\\\/\\\/sprf.asso.fr\\\/sprfwp\\\/#website\"},\"primaryImageOfPage\":{\"@id\":\"https:\\\/\\\/sprf.asso.fr\\\/sprfwp\\\/2026\\\/04\\\/27\\\/presentation-du-livre-la-psychanalyse-du-rio-de-la-plata-a-la-librairie-compagnie\\\/#primaryimage\"},\"image\":{\"@id\":\"https:\\\/\\\/sprf.asso.fr\\\/sprfwp\\\/2026\\\/04\\\/27\\\/presentation-du-livre-la-psychanalyse-du-rio-de-la-plata-a-la-librairie-compagnie\\\/#primaryimage\"},\"thumbnailUrl\":\"https:\\\/\\\/sprf.asso.fr\\\/sprfwp\\\/wp-content\\\/uploads\\\/2026\\\/04\\\/202606-Image-livre-RIO-de-la-Plata.jpg\",\"datePublished\":\"2026-04-27T08:48:44+00:00\",\"dateModified\":\"2026-04-27T08:49:32+00:00\",\"breadcrumb\":{\"@id\":\"https:\\\/\\\/sprf.asso.fr\\\/sprfwp\\\/2026\\\/04\\\/27\\\/presentation-du-livre-la-psychanalyse-du-rio-de-la-plata-a-la-librairie-compagnie\\\/#breadcrumb\"},\"inLanguage\":\"fr-FR\",\"potentialAction\":[{\"@type\":\"ReadAction\",\"target\":[\"https:\\\/\\\/sprf.asso.fr\\\/sprfwp\\\/2026\\\/04\\\/27\\\/presentation-du-livre-la-psychanalyse-du-rio-de-la-plata-a-la-librairie-compagnie\\\/\"]}]},{\"@type\":\"ImageObject\",\"inLanguage\":\"fr-FR\",\"@id\":\"https:\\\/\\\/sprf.asso.fr\\\/sprfwp\\\/2026\\\/04\\\/27\\\/presentation-du-livre-la-psychanalyse-du-rio-de-la-plata-a-la-librairie-compagnie\\\/#primaryimage\",\"url\":\"https:\\\/\\\/sprf.asso.fr\\\/sprfwp\\\/wp-content\\\/uploads\\\/2026\\\/04\\\/202606-Image-livre-RIO-de-la-Plata.jpg\",\"contentUrl\":\"https:\\\/\\\/sprf.asso.fr\\\/sprfwp\\\/wp-content\\\/uploads\\\/2026\\\/04\\\/202606-Image-livre-RIO-de-la-Plata.jpg\",\"width\":1432,\"height\":2048},{\"@type\":\"BreadcrumbList\",\"@id\":\"https:\\\/\\\/sprf.asso.fr\\\/sprfwp\\\/2026\\\/04\\\/27\\\/presentation-du-livre-la-psychanalyse-du-rio-de-la-plata-a-la-librairie-compagnie\\\/#breadcrumb\",\"itemListElement\":[{\"@type\":\"ListItem\",\"position\":1,\"name\":\"Accueil\",\"item\":\"https:\\\/\\\/sprf.asso.fr\\\/sprfwp\\\/\"},{\"@type\":\"ListItem\",\"position\":2,\"name\":\"Pr\u00e9sentation du livre \u00ab\u00a0La Psychanalyse du Rio de la Plata\u00a0\u00bb \u00e0 la librairie Compagnie\"}]},{\"@type\":\"WebSite\",\"@id\":\"https:\\\/\\\/sprf.asso.fr\\\/sprfwp\\\/#website\",\"url\":\"https:\\\/\\\/sprf.asso.fr\\\/sprfwp\\\/\",\"name\":\"Soci\u00e9t\u00e9 Psychanalytique de Recherche et de Formation\",\"description\":\"Membre de l&#039;API - Fond\u00e9e en 2005\",\"publisher\":{\"@id\":\"https:\\\/\\\/sprf.asso.fr\\\/sprfwp\\\/#organization\"},\"potentialAction\":[{\"@type\":\"SearchAction\",\"target\":{\"@type\":\"EntryPoint\",\"urlTemplate\":\"https:\\\/\\\/sprf.asso.fr\\\/sprfwp\\\/?s={search_term_string}\"},\"query-input\":{\"@type\":\"PropertyValueSpecification\",\"valueRequired\":true,\"valueName\":\"search_term_string\"}}],\"inLanguage\":\"fr-FR\"},{\"@type\":\"Organization\",\"@id\":\"https:\\\/\\\/sprf.asso.fr\\\/sprfwp\\\/#organization\",\"name\":\"Soci\u00e9t\u00e9 Psychanalytique de Recherche et de Formation\",\"url\":\"https:\\\/\\\/sprf.asso.fr\\\/sprfwp\\\/\",\"logo\":{\"@type\":\"ImageObject\",\"inLanguage\":\"fr-FR\",\"@id\":\"https:\\\/\\\/sprf.asso.fr\\\/sprfwp\\\/#\\\/schema\\\/logo\\\/image\\\/\",\"url\":\"https:\\\/\\\/sprf.asso.fr\\\/sprfwp\\\/wp-content\\\/uploads\\\/2021\\\/09\\\/LogoIndex_K_260_neg-3_shade.png\",\"contentUrl\":\"https:\\\/\\\/sprf.asso.fr\\\/sprfwp\\\/wp-content\\\/uploads\\\/2021\\\/09\\\/LogoIndex_K_260_neg-3_shade.png\",\"width\":352,\"height\":201,\"caption\":\"Soci\u00e9t\u00e9 Psychanalytique de Recherche et de Formation\"},\"image\":{\"@id\":\"https:\\\/\\\/sprf.asso.fr\\\/sprfwp\\\/#\\\/schema\\\/logo\\\/image\\\/\"}},{\"@type\":\"Person\",\"@id\":\"https:\\\/\\\/sprf.asso.fr\\\/sprfwp\\\/#\\\/schema\\\/person\\\/5fbe27abc7e3b816c55fad5e20d3f8ce\",\"name\":\"Philippe Daubry\",\"image\":{\"@type\":\"ImageObject\",\"inLanguage\":\"fr-FR\",\"@id\":\"https:\\\/\\\/secure.gravatar.com\\\/avatar\\\/8f74531ae8c58c40cf5a154b71f16aa8d18e7db743dd622d635a4768f8fd6130?s=96&d=mm&r=g\",\"url\":\"https:\\\/\\\/secure.gravatar.com\\\/avatar\\\/8f74531ae8c58c40cf5a154b71f16aa8d18e7db743dd622d635a4768f8fd6130?s=96&d=mm&r=g\",\"contentUrl\":\"https:\\\/\\\/secure.gravatar.com\\\/avatar\\\/8f74531ae8c58c40cf5a154b71f16aa8d18e7db743dd622d635a4768f8fd6130?s=96&d=mm&r=g\",\"caption\":\"Philippe Daubry\"},\"url\":\"https:\\\/\\\/sprf.asso.fr\\\/sprfwp\\\/author\\\/phd\\\/\"}]}<\/script>\n<!-- \/ Yoast SEO plugin. -->","yoast_head_json":{"title":"Pr\u00e9sentation du livre \u00ab\u00a0La Psychanalyse du Rio de la Plata\u00a0\u00bb \u00e0 la librairie Compagnie - Soci\u00e9t\u00e9 Psychanalytique de Recherche et de Formation","robots":{"index":"index","follow":"follow","max-snippet":"max-snippet:-1","max-image-preview":"max-image-preview:large","max-video-preview":"max-video-preview:-1"},"canonical":"https:\/\/sprf.asso.fr\/sprfwp\/2026\/04\/27\/presentation-du-livre-la-psychanalyse-du-rio-de-la-plata-a-la-librairie-compagnie\/","og_locale":"fr_FR","og_type":"article","og_title":"Pr\u00e9sentation du livre \u00ab\u00a0La Psychanalyse du Rio de la Plata\u00a0\u00bb \u00e0 la librairie Compagnie - Soci\u00e9t\u00e9 Psychanalytique de Recherche et de Formation","og_description":"\u00c0 para\u00eetre le 22 mai ! Dans le sud de l\u2019Am\u00e9rique latine, entre Buenos Aires et Montevideo, deux cents kilom\u00e8tres et une large rivi\u00e8re qui a tout d\u2019une mer : l\u2019estuaire du R\u00edo de la Plata. Depuis les ann\u00e9es 1950, on le sait, un tr\u00e8s important mouvement psychanalytique s\u2019y est d\u00e9velopp\u00e9. L\u2019originalit\u00e9, la modernit\u00e9 et [&hellip;]","og_url":"https:\/\/sprf.asso.fr\/sprfwp\/2026\/04\/27\/presentation-du-livre-la-psychanalyse-du-rio-de-la-plata-a-la-librairie-compagnie\/","og_site_name":"Soci\u00e9t\u00e9 Psychanalytique de Recherche et de Formation","article_published_time":"2026-04-27T08:48:44+00:00","article_modified_time":"2026-04-27T08:49:32+00:00","og_image":[{"width":1432,"height":2048,"url":"https:\/\/sprf.asso.fr\/sprfwp\/wp-content\/uploads\/2026\/04\/202606-Image-livre-RIO-de-la-Plata.jpg","type":"image\/jpeg"}],"author":"Philippe Daubry","twitter_card":"summary_large_image","twitter_misc":{"\u00c9crit par":"Philippe Daubry","Dur\u00e9e de lecture estim\u00e9e":"3 minutes"},"schema":{"@context":"https:\/\/schema.org","@graph":[{"@type":"Article","@id":"https:\/\/sprf.asso.fr\/sprfwp\/2026\/04\/27\/presentation-du-livre-la-psychanalyse-du-rio-de-la-plata-a-la-librairie-compagnie\/#article","isPartOf":{"@id":"https:\/\/sprf.asso.fr\/sprfwp\/2026\/04\/27\/presentation-du-livre-la-psychanalyse-du-rio-de-la-plata-a-la-librairie-compagnie\/"},"author":{"name":"Philippe Daubry","@id":"https:\/\/sprf.asso.fr\/sprfwp\/#\/schema\/person\/5fbe27abc7e3b816c55fad5e20d3f8ce"},"headline":"Pr\u00e9sentation du livre \u00ab\u00a0La Psychanalyse du Rio de la Plata\u00a0\u00bb \u00e0 la librairie Compagnie","datePublished":"2026-04-27T08:48:44+00:00","dateModified":"2026-04-27T08:49:32+00:00","mainEntityOfPage":{"@id":"https:\/\/sprf.asso.fr\/sprfwp\/2026\/04\/27\/presentation-du-livre-la-psychanalyse-du-rio-de-la-plata-a-la-librairie-compagnie\/"},"wordCount":376,"publisher":{"@id":"https:\/\/sprf.asso.fr\/sprfwp\/#organization"},"image":{"@id":"https:\/\/sprf.asso.fr\/sprfwp\/2026\/04\/27\/presentation-du-livre-la-psychanalyse-du-rio-de-la-plata-a-la-librairie-compagnie\/#primaryimage"},"thumbnailUrl":"https:\/\/sprf.asso.fr\/sprfwp\/wp-content\/uploads\/2026\/04\/202606-Image-livre-RIO-de-la-Plata.jpg","keywords":["2026","accueil"],"articleSection":["actualit\u00e9s"],"inLanguage":"fr-FR"},{"@type":"WebPage","@id":"https:\/\/sprf.asso.fr\/sprfwp\/2026\/04\/27\/presentation-du-livre-la-psychanalyse-du-rio-de-la-plata-a-la-librairie-compagnie\/","url":"https:\/\/sprf.asso.fr\/sprfwp\/2026\/04\/27\/presentation-du-livre-la-psychanalyse-du-rio-de-la-plata-a-la-librairie-compagnie\/","name":"Pr\u00e9sentation du livre \u00ab\u00a0La Psychanalyse du Rio de la Plata\u00a0\u00bb \u00e0 la librairie Compagnie - Soci\u00e9t\u00e9 Psychanalytique de Recherche et de Formation","isPartOf":{"@id":"https:\/\/sprf.asso.fr\/sprfwp\/#website"},"primaryImageOfPage":{"@id":"https:\/\/sprf.asso.fr\/sprfwp\/2026\/04\/27\/presentation-du-livre-la-psychanalyse-du-rio-de-la-plata-a-la-librairie-compagnie\/#primaryimage"},"image":{"@id":"https:\/\/sprf.asso.fr\/sprfwp\/2026\/04\/27\/presentation-du-livre-la-psychanalyse-du-rio-de-la-plata-a-la-librairie-compagnie\/#primaryimage"},"thumbnailUrl":"https:\/\/sprf.asso.fr\/sprfwp\/wp-content\/uploads\/2026\/04\/202606-Image-livre-RIO-de-la-Plata.jpg","datePublished":"2026-04-27T08:48:44+00:00","dateModified":"2026-04-27T08:49:32+00:00","breadcrumb":{"@id":"https:\/\/sprf.asso.fr\/sprfwp\/2026\/04\/27\/presentation-du-livre-la-psychanalyse-du-rio-de-la-plata-a-la-librairie-compagnie\/#breadcrumb"},"inLanguage":"fr-FR","potentialAction":[{"@type":"ReadAction","target":["https:\/\/sprf.asso.fr\/sprfwp\/2026\/04\/27\/presentation-du-livre-la-psychanalyse-du-rio-de-la-plata-a-la-librairie-compagnie\/"]}]},{"@type":"ImageObject","inLanguage":"fr-FR","@id":"https:\/\/sprf.asso.fr\/sprfwp\/2026\/04\/27\/presentation-du-livre-la-psychanalyse-du-rio-de-la-plata-a-la-librairie-compagnie\/#primaryimage","url":"https:\/\/sprf.asso.fr\/sprfwp\/wp-content\/uploads\/2026\/04\/202606-Image-livre-RIO-de-la-Plata.jpg","contentUrl":"https:\/\/sprf.asso.fr\/sprfwp\/wp-content\/uploads\/2026\/04\/202606-Image-livre-RIO-de-la-Plata.jpg","width":1432,"height":2048},{"@type":"BreadcrumbList","@id":"https:\/\/sprf.asso.fr\/sprfwp\/2026\/04\/27\/presentation-du-livre-la-psychanalyse-du-rio-de-la-plata-a-la-librairie-compagnie\/#breadcrumb","itemListElement":[{"@type":"ListItem","position":1,"name":"Accueil","item":"https:\/\/sprf.asso.fr\/sprfwp\/"},{"@type":"ListItem","position":2,"name":"Pr\u00e9sentation du livre \u00ab\u00a0La Psychanalyse du Rio de la Plata\u00a0\u00bb \u00e0 la librairie Compagnie"}]},{"@type":"WebSite","@id":"https:\/\/sprf.asso.fr\/sprfwp\/#website","url":"https:\/\/sprf.asso.fr\/sprfwp\/","name":"Soci\u00e9t\u00e9 Psychanalytique de Recherche et de Formation","description":"Membre de l&#039;API - Fond\u00e9e en 2005","publisher":{"@id":"https:\/\/sprf.asso.fr\/sprfwp\/#organization"},"potentialAction":[{"@type":"SearchAction","target":{"@type":"EntryPoint","urlTemplate":"https:\/\/sprf.asso.fr\/sprfwp\/?s={search_term_string}"},"query-input":{"@type":"PropertyValueSpecification","valueRequired":true,"valueName":"search_term_string"}}],"inLanguage":"fr-FR"},{"@type":"Organization","@id":"https:\/\/sprf.asso.fr\/sprfwp\/#organization","name":"Soci\u00e9t\u00e9 Psychanalytique de Recherche et de Formation","url":"https:\/\/sprf.asso.fr\/sprfwp\/","logo":{"@type":"ImageObject","inLanguage":"fr-FR","@id":"https:\/\/sprf.asso.fr\/sprfwp\/#\/schema\/logo\/image\/","url":"https:\/\/sprf.asso.fr\/sprfwp\/wp-content\/uploads\/2021\/09\/LogoIndex_K_260_neg-3_shade.png","contentUrl":"https:\/\/sprf.asso.fr\/sprfwp\/wp-content\/uploads\/2021\/09\/LogoIndex_K_260_neg-3_shade.png","width":352,"height":201,"caption":"Soci\u00e9t\u00e9 Psychanalytique de Recherche et de Formation"},"image":{"@id":"https:\/\/sprf.asso.fr\/sprfwp\/#\/schema\/logo\/image\/"}},{"@type":"Person","@id":"https:\/\/sprf.asso.fr\/sprfwp\/#\/schema\/person\/5fbe27abc7e3b816c55fad5e20d3f8ce","name":"Philippe Daubry","image":{"@type":"ImageObject","inLanguage":"fr-FR","@id":"https:\/\/secure.gravatar.com\/avatar\/8f74531ae8c58c40cf5a154b71f16aa8d18e7db743dd622d635a4768f8fd6130?s=96&d=mm&r=g","url":"https:\/\/secure.gravatar.com\/avatar\/8f74531ae8c58c40cf5a154b71f16aa8d18e7db743dd622d635a4768f8fd6130?s=96&d=mm&r=g","contentUrl":"https:\/\/secure.gravatar.com\/avatar\/8f74531ae8c58c40cf5a154b71f16aa8d18e7db743dd622d635a4768f8fd6130?s=96&d=mm&r=g","caption":"Philippe Daubry"},"url":"https:\/\/sprf.asso.fr\/sprfwp\/author\/phd\/"}]}},"_links":{"self":[{"href":"https:\/\/sprf.asso.fr\/sprfwp\/wp-json\/wp\/v2\/posts\/11721","targetHints":{"allow":["GET"]}}],"collection":[{"href":"https:\/\/sprf.asso.fr\/sprfwp\/wp-json\/wp\/v2\/posts"}],"about":[{"href":"https:\/\/sprf.asso.fr\/sprfwp\/wp-json\/wp\/v2\/types\/post"}],"author":[{"embeddable":true,"href":"https:\/\/sprf.asso.fr\/sprfwp\/wp-json\/wp\/v2\/users\/3"}],"replies":[{"embeddable":true,"href":"https:\/\/sprf.asso.fr\/sprfwp\/wp-json\/wp\/v2\/comments?post=11721"}],"version-history":[{"count":2,"href":"https:\/\/sprf.asso.fr\/sprfwp\/wp-json\/wp\/v2\/posts\/11721\/revisions"}],"predecessor-version":[{"id":11724,"href":"https:\/\/sprf.asso.fr\/sprfwp\/wp-json\/wp\/v2\/posts\/11721\/revisions\/11724"}],"wp:featuredmedia":[{"embeddable":true,"href":"https:\/\/sprf.asso.fr\/sprfwp\/wp-json\/wp\/v2\/media\/11722"}],"wp:attachment":[{"href":"https:\/\/sprf.asso.fr\/sprfwp\/wp-json\/wp\/v2\/media?parent=11721"}],"wp:term":[{"taxonomy":"category","embeddable":true,"href":"https:\/\/sprf.asso.fr\/sprfwp\/wp-json\/wp\/v2\/categories?post=11721"},{"taxonomy":"post_tag","embeddable":true,"href":"https:\/\/sprf.asso.fr\/sprfwp\/wp-json\/wp\/v2\/tags?post=11721"}],"curies":[{"name":"wp","href":"https:\/\/api.w.org\/{rel}","templated":true}]}}