{"id":11141,"date":"2025-09-29T11:40:11","date_gmt":"2025-09-29T10:40:11","guid":{"rendered":"https:\/\/sprf.asso.fr\/sprfwp\/?p=11141"},"modified":"2025-10-15T17:29:57","modified_gmt":"2025-10-15T16:29:57","slug":"homosexualites-la-psychanalyse-a-lepreuve","status":"publish","type":"post","link":"https:\/\/sprf.asso.fr\/sprfwp\/2025\/09\/29\/homosexualites-la-psychanalyse-a-lepreuve\/","title":{"rendered":"Homosexualit\u00e9s, la psychanalyse \u00e0 l\u2019\u00e9preuve"},"content":{"rendered":"<h3><span style=\"color: #000000;\">Matin\u00e9e-d\u00e9bat autour du livre de Jean Philippe Gu\u00e9guen<\/span><\/h3>\n<h3><span style=\"color: #000000;\">Samedi 13 d\u00e9cembre 2025 de 9 h00 \u00e0 13 h 00<\/span><\/h3>\n<p><span style=\"color: #000000;\">Mod\u00e9ratrice de la matin\u00e9e : Christine Voyenne<\/span><\/p>\n<h3><span style=\"color: #000000;\">Argument<\/span><\/h3>\n<p style=\"text-align: justify;\"><span style=\"font-size: 16px;\"><img fetchpriority=\"high\" decoding=\"async\" class=\"alignleft wp-image-11147 size-medium\" src=\"https:\/\/sprf.asso.fr\/sprfwp\/wp-content\/uploads\/2025\/09\/SPRF-JS_Homosexualite_2025-1-177x300.png\" alt=\"\" width=\"177\" height=\"300\" srcset=\"https:\/\/sprf.asso.fr\/sprfwp\/wp-content\/uploads\/2025\/09\/SPRF-JS_Homosexualite_2025-1-177x300.png 177w, https:\/\/sprf.asso.fr\/sprfwp\/wp-content\/uploads\/2025\/09\/SPRF-JS_Homosexualite_2025-1-605x1024.png 605w, https:\/\/sprf.asso.fr\/sprfwp\/wp-content\/uploads\/2025\/09\/SPRF-JS_Homosexualite_2025-1.png 739w\" sizes=\"(max-width: 177px) 100vw, 177px\" \/>L\u2019homosexualit\u00e9 n\u2019est plus un sujet. Il pourrait m\u00eame \u00eatre suspect de l\u2019interroger \u00e0 la fa\u00e7on d\u2019un Ferenczi quand il tentait de comprendre pourquoi l\u2019homosexualit\u00e9 \u00e9tait latente ou manifeste. Au pr\u00e9texte de s\u2019en tenir aux constats et de ne plus vouloir faire de \u00ab diff\u00e9rence \u00bb, faudrait-il faire taire les apprentis historiens avec leurs pourquoi, laissant la place \u00e0 une pens\u00e9e binaire qui arr\u00eate toute r\u00e9flexion ou discussion ?<\/span><\/p>\n<p style=\"text-align: justify;\">Le livre de Jean Philippe Gu\u00e9guen met \u00e0 l\u2019\u00e9preuve la th\u00e9orie psychanalytique face \u00e0 l\u2019\u00e9volution consid\u00e9rable des m\u0153urs et face au regard port\u00e9 sur la sexualit\u00e9. Evolution et regard qui recouvrent des enjeux politiques et soci\u00e9taux pr\u00e9sentant des risques de r\u00e9gression de plus en plus pr\u00e9gnants, comme on le voit dans certains pays, mais aussi dans certains d\u00e9bats.<br \/>\nMais le sexuel n\u2019est pas la sexualit\u00e9. Et si cet ouvrage traverse des questions aussi diverses que le masculin et le f\u00e9minin, la bisexualit\u00e9, l\u2019homoparentalit\u00e9, l\u2019identit\u00e9 de genre, la parano\u00efa ou la perversion, il interroge \u2013 \u00e0 partir de l\u2019homosexualit\u00e9 ou plut\u00f4t des homosexualit\u00e9s- des concepts cardinaux de la psychanalyse : l\u2019\u0152dipe, l\u2019amour d\u2019objet, le narcissisme, le sexuel infantile. Il met en d\u00e9bat ce que la question de l\u2019homosexualit\u00e9, des homosexualit\u00e9s, a bouscul\u00e9 dans la th\u00e9orie analytique.<br \/>\nD\u00e9bat qui est loin d\u2019\u00eatre achev\u00e9 et que nous poursuivrons lors de cette matin\u00e9e avec les interventions de Jean-Michel Levy (APF) et de Patrick Miller (SPRF).<br \/>\n\u201cQu\u2019est-ce qui relie le sexuel (infantile) et la sexualit\u00e9 \u00bb renvoie \u00e0 une autre interrogation : bisexualit\u00e9 psychique et th\u00e9orie des pulsions, quelle connexion ? Cette connexion perdue compromet-elle le d\u00e9ploiement d\u2019une bisexualit\u00e9 psychique au service du d\u00e9veloppement ? Comment comprendre le lien entre les pulsions et la r\u00e9alit\u00e9 d\u2019une vie affective et sexuelle ? Comment d\u00e9crypter et analyser une sexualit\u00e9 sans tomber dans une vision normative ? Comment \u00e9viter les impasses th\u00e9oriques qui ont tendance \u00e0 confondre l\u2019objet d\u2019amour et l\u2019objet du d\u00e9sir sexuel ? De surcro\u00eet, pourquoi l\u2019homosexualit\u00e9 a-t-elle \u00e9t\u00e9 si peu pens\u00e9e comme \u00ab plurielle \u00bb ? Pourquoi l\u2019a-t-on si longtemps essentialis\u00e9e et fig\u00e9e dans un sch\u00e9ma aux antipodes d\u2019une approche psychodynamique ?<br \/>\nLe \u00ab fait \u00bb homosexuel reste un embarras et, quoiqu\u2019on en dise, une \u00e9nigme. D\u2019o\u00f9 l\u2019int\u00e9r\u00eat de s\u2019obliger \u00e0 un travail de recherche et d\u2019\u00e9laboration autour de ces questions que nous mettrons en d\u00e9bat lors de cette matin\u00e9e scientifique.<\/p>\n<h3>Programme<\/h3>\n<table style=\"border-collapse: collapse; width: 100%; height: 495px;\">\n<tbody>\n<tr style=\"height: 46px;\">\n<td style=\"width: 10.392507%; height: 31px; text-align: right;\"><span style=\"color: #000000;\"><strong>8 h 30<\/strong><\/span><\/td>\n<td style=\"width: 89.607493%; height: 31px;\"><span style=\"color: #000000;\"><strong>Accueil des participants<\/strong><\/span><\/td>\n<\/tr>\n<tr style=\"height: 52px;\">\n<td style=\"width: 10.392507%; height: 52px; text-align: right;\"><span style=\"color: #000000;\"><strong>9 h 00<\/strong><\/span><\/td>\n<td style=\"width: 89.607493%; height: 52px;\"><span style=\"color: #000000;\"><strong>Introduction de Christine Voyenne<\/strong><\/span><\/td>\n<\/tr>\n<tr style=\"height: 52px;\">\n<td style=\"width: 10.392507%; height: 52px; text-align: right;\"><span style=\"color: #000000;\"><strong>9 h 15<\/strong><\/span><\/td>\n<td style=\"width: 89.607493%; height: 52px;\"><span style=\"color: #000000;\"><strong>Val\u00e9rie Tanquerey : Pr\u00e9sentation du livre<\/strong><\/span><\/td>\n<\/tr>\n<tr style=\"height: 52px;\">\n<td style=\"width: 10.392507%; height: 52px; text-align: right;\"><span style=\"color: #000000;\"><strong>9 h 30<\/strong><\/span><\/td>\n<td style=\"width: 89.607493%; height: 52px;\"><span style=\"color: #000000;\"><strong>Jean Philippe Gu\u00e9guen : Les pourquoi d\u2019une question<\/strong><\/span><\/td>\n<\/tr>\n<tr style=\"height: 52px;\">\n<td style=\"width: 10.392507%; height: 52px; text-align: right;\"><span style=\"color: #000000;\"><strong>9 h 45<\/strong><\/span><\/td>\n<td style=\"width: 89.607493%; height: 52px;\"><span style=\"color: #000000;\"><strong>Patrick Miller : L\u2019\u00e9nigme persistante du d\u00e9sir sexuel<\/strong><\/span><\/td>\n<\/tr>\n<tr style=\"height: 52px;\">\n<td style=\"width: 10.392507%; height: 52px; text-align: right;\"><span style=\"color: #000000;\"><strong>10 h 15<\/strong><\/span><\/td>\n<td style=\"width: 89.607493%; height: 52px;\"><span style=\"color: #000000;\"><strong>D\u00e9bat<\/strong><\/span><\/td>\n<\/tr>\n<tr style=\"height: 52px;\">\n<td style=\"width: 10.392507%; height: 52px; text-align: right;\"><span style=\"color: #000000;\"><strong>11 h 00<\/strong><\/span><\/td>\n<td style=\"width: 89.607493%; height: 52px;\"><span style=\"color: #000000;\"><strong>Pause<\/strong><\/span><\/td>\n<\/tr>\n<tr style=\"height: 48px;\">\n<td style=\"width: 10.392507%; height: 48px; text-align: right;\"><span style=\"color: #000000;\"><strong>11 h 30<\/strong><\/span><\/td>\n<td style=\"width: 89.607493%; height: 48px;\"><span style=\"color: #000000;\"><strong>Jean-Michel L\u00e9vy : Le psychanalyste et l\u2019homosexualit\u00e9 : avec ou sans conflits ?<\/strong><\/span><\/td>\n<\/tr>\n<tr style=\"height: 52px;\">\n<td style=\"width: 10.392507%; height: 52px; text-align: right;\"><span style=\"color: #000000;\"><strong>12 h 00<\/strong><\/span><\/td>\n<td style=\"width: 89.607493%; height: 52px;\"><span style=\"color: #000000;\"><strong>D\u00e9bat<\/strong><\/span><\/td>\n<\/tr>\n<tr style=\"height: 52px;\">\n<td style=\"width: 10.392507%; height: 52px; text-align: right;\"><span style=\"color: #000000;\"><strong>13 h 00<\/strong><\/span><\/td>\n<td style=\"width: 89.607493%; height: 52px;\"><span style=\"color: #000000;\"><strong>Fin de la matin\u00e9e<\/strong><\/span><\/td>\n<\/tr>\n<\/tbody>\n<\/table>\n<h3 class=\"p1\">Intervenants<\/h3>\n<ul>\n<li class=\"p2\"><span class=\"s1\"><span style=\"color: #000000;\">Jean-Philippe Gu\u00e9guen<\/span> : Psychanalyste, Membre formateur, <\/span><span class=\"s1\">Pr\u00e9sident de la SPRF<\/span><\/li>\n<li class=\"p2\"><span class=\"s1\"><span style=\"color: #000000;\">Jean-Michel L\u00e9vy<\/span> : Psychanalyste, Membre formateur de l\u2019APF<\/span><\/li>\n<li class=\"p2\"><span class=\"s1\"><span style=\"color: #000000;\">Patrick Miller<\/span> : Psychanalyste, Membre fondateur et Membre <\/span><span class=\"s1\">formateur de la SPRF<\/span><\/li>\n<li class=\"p2\"><span class=\"s1\"><span style=\"color: #000000;\">Val\u00e9rie Tanquerey<\/span> : Psychanalyste, Membre affili\u00e9e et Secr\u00e9taire <\/span><span class=\"s1\">scientifique de la SPRF<\/span><\/li>\n<li class=\"p2\"><span class=\"s1\"><span style=\"color: #000000;\">Christine Voyenne<\/span> : Psychanalyste, Membre fondatrice et Membre <\/span><span class=\"s1\">formatrice de la SPRF<\/span><\/li>\n<\/ul>\n<h3 class=\"p1\"><span style=\"color: #000000;\">Lieu de la manifestation<\/span><\/h3>\n<p class=\"p2\"><span class=\"s1\"><b>Institut Protestant de Th\u00e9ologie<br \/>\n<\/b><\/span>83, Boulevard Arago<br \/>\n75014 Paris<\/p>\n<p class=\"p1\"><span class=\"s1\"><b>Participation :<\/b> 45\u20ac<br \/>\n<\/span><span class=\"s1\"><b>Analystes en formations, \u00e9tudiants<\/b> : 30\u20ac<\/span><\/p>\n<p><a href=\"https:\/\/sprf.asso.fr\/sprfwp\/wp-content\/uploads\/2025\/10\/20251210-Programme_Homosexualite-2.pdf\" target=\"_blank\" rel=\"noopener\">T\u00e9l\u00e9charger le programme en PDF<\/a><\/p>\n<a href=\"https:\/\/sprf.asso.fr\/sprfwp\/wp-content\/uploads\/2025\/10\/20251210-Programme_Homosexualite-2.pdf\" class=\"pdfemb-viewer\" style=\"\" data-width=\"max\" data-height=\"max\" data-toolbar=\"bottom\" data-toolbar-fixed=\"on\">20251210-Programme_Homosexualite-2<\/a>\n<p>&nbsp;<\/p>\n","protected":false},"excerpt":{"rendered":"<p>Matin\u00e9e-d\u00e9bat autour du livre de Jean Philippe Gu\u00e9guen Samedi 13 d\u00e9cembre 2025 de 9 h00 \u00e0 13 h 00 Mod\u00e9ratrice de la matin\u00e9e : Christine Voyenne Argument L\u2019homosexualit\u00e9 n\u2019est plus un sujet. Il pourrait m\u00eame \u00eatre suspect de l\u2019interroger \u00e0 la fa\u00e7on d\u2019un Ferenczi quand il tentait de comprendre pourquoi l\u2019homosexualit\u00e9 \u00e9tait latente ou manifeste. [&hellip;]<\/p>\n","protected":false},"author":3,"featured_media":11147,"comment_status":"closed","ping_status":"closed","sticky":false,"template":"","format":"standard","meta":{"_acf_changed":false,"site-sidebar-layout":"default","site-content-layout":"","ast-site-content-layout":"default","site-content-style":"default","site-sidebar-style":"default","ast-global-header-display":"","ast-banner-title-visibility":"","ast-main-header-display":"","ast-hfb-above-header-display":"","ast-hfb-below-header-display":"","ast-hfb-mobile-header-display":"","site-post-title":"","ast-breadcrumbs-content":"","ast-featured-img":"","footer-sml-layout":"","ast-disable-related-posts":"","theme-transparent-header-meta":"default","adv-header-id-meta":"","stick-header-meta":"","header-above-stick-meta":"","header-main-stick-meta":"","header-below-stick-meta":"","astra-migrate-meta-layouts":"set","ast-page-background-enabled":"default","ast-page-background-meta":{"desktop":{"background-color":"var(--ast-global-color-4)","background-image":"","background-repeat":"repeat","background-position":"center center","background-size":"auto","background-attachment":"scroll","background-type":"","background-media":"","overlay-type":"","overlay-color":"","overlay-opacity":"","overlay-gradient":""},"tablet":{"background-color":"","background-image":"","background-repeat":"repeat","background-position":"center center","background-size":"auto","background-attachment":"scroll","background-type":"","background-media":"","overlay-type":"","overlay-color":"","overlay-opacity":"","overlay-gradient":""},"mobile":{"background-color":"","background-image":"","background-repeat":"repeat","background-position":"center center","background-size":"auto","background-attachment":"scroll","background-type":"","background-media":"","overlay-type":"","overlay-color":"","overlay-opacity":"","overlay-gradient":""}},"ast-content-background-meta":{"desktop":{"background-color":"var(--ast-global-color-5)","background-image":"","background-repeat":"repeat","background-position":"center center","background-size":"auto","background-attachment":"scroll","background-type":"","background-media":"","overlay-type":"","overlay-color":"","overlay-opacity":"","overlay-gradient":""},"tablet":{"background-color":"var(--ast-global-color-5)","background-image":"","background-repeat":"repeat","background-position":"center center","background-size":"auto","background-attachment":"scroll","background-type":"","background-media":"","overlay-type":"","overlay-color":"","overlay-opacity":"","overlay-gradient":""},"mobile":{"background-color":"var(--ast-global-color-5)","background-image":"","background-repeat":"repeat","background-position":"center center","background-size":"auto","background-attachment":"scroll","background-type":"","background-media":"","overlay-type":"","overlay-color":"","overlay-opacity":"","overlay-gradient":""}},"footnotes":""},"categories":[932,2009],"tags":[2031],"class_list":["post-11141","post","type-post","status-publish","format-standard","has-post-thumbnail","hentry","category-actualites-de-la-colonne-de-droite","category-journee-scientifique","tag-2031"],"acf":[],"yoast_head":"<!-- This site is optimized with the Yoast SEO plugin v27.4 - https:\/\/yoast.com\/product\/yoast-seo-wordpress\/ -->\n<title>Homosexualit\u00e9s, la psychanalyse \u00e0 l\u2019\u00e9preuve - Soci\u00e9t\u00e9 Psychanalytique de Recherche et de Formation<\/title>\n<meta name=\"robots\" content=\"index, follow, max-snippet:-1, max-image-preview:large, max-video-preview:-1\" \/>\n<link rel=\"canonical\" href=\"https:\/\/sprf.asso.fr\/sprfwp\/2025\/09\/29\/homosexualites-la-psychanalyse-a-lepreuve\/\" \/>\n<meta property=\"og:locale\" content=\"fr_FR\" \/>\n<meta property=\"og:type\" content=\"article\" \/>\n<meta property=\"og:title\" content=\"Homosexualit\u00e9s, la psychanalyse \u00e0 l\u2019\u00e9preuve - Soci\u00e9t\u00e9 Psychanalytique de Recherche et de Formation\" \/>\n<meta property=\"og:description\" content=\"Matin\u00e9e-d\u00e9bat autour du livre de Jean Philippe Gu\u00e9guen Samedi 13 d\u00e9cembre 2025 de 9 h00 \u00e0 13 h 00 Mod\u00e9ratrice de la matin\u00e9e : Christine Voyenne Argument L\u2019homosexualit\u00e9 n\u2019est plus un sujet. Il pourrait m\u00eame \u00eatre suspect de l\u2019interroger \u00e0 la fa\u00e7on d\u2019un Ferenczi quand il tentait de comprendre pourquoi l\u2019homosexualit\u00e9 \u00e9tait latente ou manifeste. [&hellip;]\" \/>\n<meta property=\"og:url\" content=\"https:\/\/sprf.asso.fr\/sprfwp\/2025\/09\/29\/homosexualites-la-psychanalyse-a-lepreuve\/\" \/>\n<meta property=\"og:site_name\" content=\"Soci\u00e9t\u00e9 Psychanalytique de Recherche et de Formation\" \/>\n<meta property=\"article:published_time\" content=\"2025-09-29T10:40:11+00:00\" \/>\n<meta property=\"article:modified_time\" content=\"2025-10-15T16:29:57+00:00\" \/>\n<meta property=\"og:image\" content=\"https:\/\/sprf.asso.fr\/sprfwp\/wp-content\/uploads\/2025\/09\/SPRF-JS_Homosexualite_2025-1.png\" \/>\n\t<meta property=\"og:image:width\" content=\"739\" \/>\n\t<meta property=\"og:image:height\" content=\"1250\" \/>\n\t<meta property=\"og:image:type\" content=\"image\/png\" \/>\n<meta name=\"author\" content=\"Philippe Daubry\" \/>\n<meta name=\"twitter:card\" content=\"summary_large_image\" \/>\n<meta name=\"twitter:label1\" content=\"\u00c9crit par\" \/>\n\t<meta name=\"twitter:data1\" content=\"Philippe Daubry\" \/>\n\t<meta name=\"twitter:label2\" content=\"Dur\u00e9e de lecture estim\u00e9e\" \/>\n\t<meta name=\"twitter:data2\" content=\"4 minutes\" \/>\n<script type=\"application\/ld+json\" class=\"yoast-schema-graph\">{\"@context\":\"https:\\\/\\\/schema.org\",\"@graph\":[{\"@type\":\"Article\",\"@id\":\"https:\\\/\\\/sprf.asso.fr\\\/sprfwp\\\/2025\\\/09\\\/29\\\/homosexualites-la-psychanalyse-a-lepreuve\\\/#article\",\"isPartOf\":{\"@id\":\"https:\\\/\\\/sprf.asso.fr\\\/sprfwp\\\/2025\\\/09\\\/29\\\/homosexualites-la-psychanalyse-a-lepreuve\\\/\"},\"author\":{\"name\":\"Philippe Daubry\",\"@id\":\"https:\\\/\\\/sprf.asso.fr\\\/sprfwp\\\/#\\\/schema\\\/person\\\/5fbe27abc7e3b816c55fad5e20d3f8ce\"},\"headline\":\"Homosexualit\u00e9s, la psychanalyse \u00e0 l\u2019\u00e9preuve\",\"datePublished\":\"2025-09-29T10:40:11+00:00\",\"dateModified\":\"2025-10-15T16:29:57+00:00\",\"mainEntityOfPage\":{\"@id\":\"https:\\\/\\\/sprf.asso.fr\\\/sprfwp\\\/2025\\\/09\\\/29\\\/homosexualites-la-psychanalyse-a-lepreuve\\\/\"},\"wordCount\":622,\"publisher\":{\"@id\":\"https:\\\/\\\/sprf.asso.fr\\\/sprfwp\\\/#organization\"},\"image\":{\"@id\":\"https:\\\/\\\/sprf.asso.fr\\\/sprfwp\\\/2025\\\/09\\\/29\\\/homosexualites-la-psychanalyse-a-lepreuve\\\/#primaryimage\"},\"thumbnailUrl\":\"https:\\\/\\\/sprf.asso.fr\\\/sprfwp\\\/wp-content\\\/uploads\\\/2025\\\/09\\\/SPRF-JS_Homosexualite_2025-1.png\",\"keywords\":[\"2025\"],\"articleSection\":[\"actualit\u00e9s\",\"Journ\u00e9e scientifique\"],\"inLanguage\":\"fr-FR\"},{\"@type\":\"WebPage\",\"@id\":\"https:\\\/\\\/sprf.asso.fr\\\/sprfwp\\\/2025\\\/09\\\/29\\\/homosexualites-la-psychanalyse-a-lepreuve\\\/\",\"url\":\"https:\\\/\\\/sprf.asso.fr\\\/sprfwp\\\/2025\\\/09\\\/29\\\/homosexualites-la-psychanalyse-a-lepreuve\\\/\",\"name\":\"Homosexualit\u00e9s, la psychanalyse \u00e0 l\u2019\u00e9preuve - Soci\u00e9t\u00e9 Psychanalytique de Recherche et de Formation\",\"isPartOf\":{\"@id\":\"https:\\\/\\\/sprf.asso.fr\\\/sprfwp\\\/#website\"},\"primaryImageOfPage\":{\"@id\":\"https:\\\/\\\/sprf.asso.fr\\\/sprfwp\\\/2025\\\/09\\\/29\\\/homosexualites-la-psychanalyse-a-lepreuve\\\/#primaryimage\"},\"image\":{\"@id\":\"https:\\\/\\\/sprf.asso.fr\\\/sprfwp\\\/2025\\\/09\\\/29\\\/homosexualites-la-psychanalyse-a-lepreuve\\\/#primaryimage\"},\"thumbnailUrl\":\"https:\\\/\\\/sprf.asso.fr\\\/sprfwp\\\/wp-content\\\/uploads\\\/2025\\\/09\\\/SPRF-JS_Homosexualite_2025-1.png\",\"datePublished\":\"2025-09-29T10:40:11+00:00\",\"dateModified\":\"2025-10-15T16:29:57+00:00\",\"breadcrumb\":{\"@id\":\"https:\\\/\\\/sprf.asso.fr\\\/sprfwp\\\/2025\\\/09\\\/29\\\/homosexualites-la-psychanalyse-a-lepreuve\\\/#breadcrumb\"},\"inLanguage\":\"fr-FR\",\"potentialAction\":[{\"@type\":\"ReadAction\",\"target\":[\"https:\\\/\\\/sprf.asso.fr\\\/sprfwp\\\/2025\\\/09\\\/29\\\/homosexualites-la-psychanalyse-a-lepreuve\\\/\"]}]},{\"@type\":\"ImageObject\",\"inLanguage\":\"fr-FR\",\"@id\":\"https:\\\/\\\/sprf.asso.fr\\\/sprfwp\\\/2025\\\/09\\\/29\\\/homosexualites-la-psychanalyse-a-lepreuve\\\/#primaryimage\",\"url\":\"https:\\\/\\\/sprf.asso.fr\\\/sprfwp\\\/wp-content\\\/uploads\\\/2025\\\/09\\\/SPRF-JS_Homosexualite_2025-1.png\",\"contentUrl\":\"https:\\\/\\\/sprf.asso.fr\\\/sprfwp\\\/wp-content\\\/uploads\\\/2025\\\/09\\\/SPRF-JS_Homosexualite_2025-1.png\",\"width\":739,\"height\":1250},{\"@type\":\"BreadcrumbList\",\"@id\":\"https:\\\/\\\/sprf.asso.fr\\\/sprfwp\\\/2025\\\/09\\\/29\\\/homosexualites-la-psychanalyse-a-lepreuve\\\/#breadcrumb\",\"itemListElement\":[{\"@type\":\"ListItem\",\"position\":1,\"name\":\"Accueil\",\"item\":\"https:\\\/\\\/sprf.asso.fr\\\/sprfwp\\\/\"},{\"@type\":\"ListItem\",\"position\":2,\"name\":\"Homosexualit\u00e9s, la psychanalyse \u00e0 l\u2019\u00e9preuve\"}]},{\"@type\":\"WebSite\",\"@id\":\"https:\\\/\\\/sprf.asso.fr\\\/sprfwp\\\/#website\",\"url\":\"https:\\\/\\\/sprf.asso.fr\\\/sprfwp\\\/\",\"name\":\"Soci\u00e9t\u00e9 Psychanalytique de Recherche et de Formation\",\"description\":\"Membre de l&#039;API - Fond\u00e9e en 2005\",\"publisher\":{\"@id\":\"https:\\\/\\\/sprf.asso.fr\\\/sprfwp\\\/#organization\"},\"potentialAction\":[{\"@type\":\"SearchAction\",\"target\":{\"@type\":\"EntryPoint\",\"urlTemplate\":\"https:\\\/\\\/sprf.asso.fr\\\/sprfwp\\\/?s={search_term_string}\"},\"query-input\":{\"@type\":\"PropertyValueSpecification\",\"valueRequired\":true,\"valueName\":\"search_term_string\"}}],\"inLanguage\":\"fr-FR\"},{\"@type\":\"Organization\",\"@id\":\"https:\\\/\\\/sprf.asso.fr\\\/sprfwp\\\/#organization\",\"name\":\"Soci\u00e9t\u00e9 Psychanalytique de Recherche et de Formation\",\"url\":\"https:\\\/\\\/sprf.asso.fr\\\/sprfwp\\\/\",\"logo\":{\"@type\":\"ImageObject\",\"inLanguage\":\"fr-FR\",\"@id\":\"https:\\\/\\\/sprf.asso.fr\\\/sprfwp\\\/#\\\/schema\\\/logo\\\/image\\\/\",\"url\":\"https:\\\/\\\/sprf.asso.fr\\\/sprfwp\\\/wp-content\\\/uploads\\\/2021\\\/09\\\/LogoIndex_K_260_neg-3_shade.png\",\"contentUrl\":\"https:\\\/\\\/sprf.asso.fr\\\/sprfwp\\\/wp-content\\\/uploads\\\/2021\\\/09\\\/LogoIndex_K_260_neg-3_shade.png\",\"width\":352,\"height\":201,\"caption\":\"Soci\u00e9t\u00e9 Psychanalytique de Recherche et de Formation\"},\"image\":{\"@id\":\"https:\\\/\\\/sprf.asso.fr\\\/sprfwp\\\/#\\\/schema\\\/logo\\\/image\\\/\"}},{\"@type\":\"Person\",\"@id\":\"https:\\\/\\\/sprf.asso.fr\\\/sprfwp\\\/#\\\/schema\\\/person\\\/5fbe27abc7e3b816c55fad5e20d3f8ce\",\"name\":\"Philippe Daubry\",\"image\":{\"@type\":\"ImageObject\",\"inLanguage\":\"fr-FR\",\"@id\":\"https:\\\/\\\/secure.gravatar.com\\\/avatar\\\/8f74531ae8c58c40cf5a154b71f16aa8d18e7db743dd622d635a4768f8fd6130?s=96&d=mm&r=g\",\"url\":\"https:\\\/\\\/secure.gravatar.com\\\/avatar\\\/8f74531ae8c58c40cf5a154b71f16aa8d18e7db743dd622d635a4768f8fd6130?s=96&d=mm&r=g\",\"contentUrl\":\"https:\\\/\\\/secure.gravatar.com\\\/avatar\\\/8f74531ae8c58c40cf5a154b71f16aa8d18e7db743dd622d635a4768f8fd6130?s=96&d=mm&r=g\",\"caption\":\"Philippe Daubry\"},\"url\":\"https:\\\/\\\/sprf.asso.fr\\\/sprfwp\\\/author\\\/phd\\\/\"}]}<\/script>\n<!-- \/ Yoast SEO plugin. -->","yoast_head_json":{"title":"Homosexualit\u00e9s, la psychanalyse \u00e0 l\u2019\u00e9preuve - Soci\u00e9t\u00e9 Psychanalytique de Recherche et de Formation","robots":{"index":"index","follow":"follow","max-snippet":"max-snippet:-1","max-image-preview":"max-image-preview:large","max-video-preview":"max-video-preview:-1"},"canonical":"https:\/\/sprf.asso.fr\/sprfwp\/2025\/09\/29\/homosexualites-la-psychanalyse-a-lepreuve\/","og_locale":"fr_FR","og_type":"article","og_title":"Homosexualit\u00e9s, la psychanalyse \u00e0 l\u2019\u00e9preuve - Soci\u00e9t\u00e9 Psychanalytique de Recherche et de Formation","og_description":"Matin\u00e9e-d\u00e9bat autour du livre de Jean Philippe Gu\u00e9guen Samedi 13 d\u00e9cembre 2025 de 9 h00 \u00e0 13 h 00 Mod\u00e9ratrice de la matin\u00e9e : Christine Voyenne Argument L\u2019homosexualit\u00e9 n\u2019est plus un sujet. Il pourrait m\u00eame \u00eatre suspect de l\u2019interroger \u00e0 la fa\u00e7on d\u2019un Ferenczi quand il tentait de comprendre pourquoi l\u2019homosexualit\u00e9 \u00e9tait latente ou manifeste. [&hellip;]","og_url":"https:\/\/sprf.asso.fr\/sprfwp\/2025\/09\/29\/homosexualites-la-psychanalyse-a-lepreuve\/","og_site_name":"Soci\u00e9t\u00e9 Psychanalytique de Recherche et de Formation","article_published_time":"2025-09-29T10:40:11+00:00","article_modified_time":"2025-10-15T16:29:57+00:00","og_image":[{"width":739,"height":1250,"url":"https:\/\/sprf.asso.fr\/sprfwp\/wp-content\/uploads\/2025\/09\/SPRF-JS_Homosexualite_2025-1.png","type":"image\/png"}],"author":"Philippe Daubry","twitter_card":"summary_large_image","twitter_misc":{"\u00c9crit par":"Philippe Daubry","Dur\u00e9e de lecture estim\u00e9e":"4 minutes"},"schema":{"@context":"https:\/\/schema.org","@graph":[{"@type":"Article","@id":"https:\/\/sprf.asso.fr\/sprfwp\/2025\/09\/29\/homosexualites-la-psychanalyse-a-lepreuve\/#article","isPartOf":{"@id":"https:\/\/sprf.asso.fr\/sprfwp\/2025\/09\/29\/homosexualites-la-psychanalyse-a-lepreuve\/"},"author":{"name":"Philippe Daubry","@id":"https:\/\/sprf.asso.fr\/sprfwp\/#\/schema\/person\/5fbe27abc7e3b816c55fad5e20d3f8ce"},"headline":"Homosexualit\u00e9s, la psychanalyse \u00e0 l\u2019\u00e9preuve","datePublished":"2025-09-29T10:40:11+00:00","dateModified":"2025-10-15T16:29:57+00:00","mainEntityOfPage":{"@id":"https:\/\/sprf.asso.fr\/sprfwp\/2025\/09\/29\/homosexualites-la-psychanalyse-a-lepreuve\/"},"wordCount":622,"publisher":{"@id":"https:\/\/sprf.asso.fr\/sprfwp\/#organization"},"image":{"@id":"https:\/\/sprf.asso.fr\/sprfwp\/2025\/09\/29\/homosexualites-la-psychanalyse-a-lepreuve\/#primaryimage"},"thumbnailUrl":"https:\/\/sprf.asso.fr\/sprfwp\/wp-content\/uploads\/2025\/09\/SPRF-JS_Homosexualite_2025-1.png","keywords":["2025"],"articleSection":["actualit\u00e9s","Journ\u00e9e scientifique"],"inLanguage":"fr-FR"},{"@type":"WebPage","@id":"https:\/\/sprf.asso.fr\/sprfwp\/2025\/09\/29\/homosexualites-la-psychanalyse-a-lepreuve\/","url":"https:\/\/sprf.asso.fr\/sprfwp\/2025\/09\/29\/homosexualites-la-psychanalyse-a-lepreuve\/","name":"Homosexualit\u00e9s, la psychanalyse \u00e0 l\u2019\u00e9preuve - Soci\u00e9t\u00e9 Psychanalytique de Recherche et de Formation","isPartOf":{"@id":"https:\/\/sprf.asso.fr\/sprfwp\/#website"},"primaryImageOfPage":{"@id":"https:\/\/sprf.asso.fr\/sprfwp\/2025\/09\/29\/homosexualites-la-psychanalyse-a-lepreuve\/#primaryimage"},"image":{"@id":"https:\/\/sprf.asso.fr\/sprfwp\/2025\/09\/29\/homosexualites-la-psychanalyse-a-lepreuve\/#primaryimage"},"thumbnailUrl":"https:\/\/sprf.asso.fr\/sprfwp\/wp-content\/uploads\/2025\/09\/SPRF-JS_Homosexualite_2025-1.png","datePublished":"2025-09-29T10:40:11+00:00","dateModified":"2025-10-15T16:29:57+00:00","breadcrumb":{"@id":"https:\/\/sprf.asso.fr\/sprfwp\/2025\/09\/29\/homosexualites-la-psychanalyse-a-lepreuve\/#breadcrumb"},"inLanguage":"fr-FR","potentialAction":[{"@type":"ReadAction","target":["https:\/\/sprf.asso.fr\/sprfwp\/2025\/09\/29\/homosexualites-la-psychanalyse-a-lepreuve\/"]}]},{"@type":"ImageObject","inLanguage":"fr-FR","@id":"https:\/\/sprf.asso.fr\/sprfwp\/2025\/09\/29\/homosexualites-la-psychanalyse-a-lepreuve\/#primaryimage","url":"https:\/\/sprf.asso.fr\/sprfwp\/wp-content\/uploads\/2025\/09\/SPRF-JS_Homosexualite_2025-1.png","contentUrl":"https:\/\/sprf.asso.fr\/sprfwp\/wp-content\/uploads\/2025\/09\/SPRF-JS_Homosexualite_2025-1.png","width":739,"height":1250},{"@type":"BreadcrumbList","@id":"https:\/\/sprf.asso.fr\/sprfwp\/2025\/09\/29\/homosexualites-la-psychanalyse-a-lepreuve\/#breadcrumb","itemListElement":[{"@type":"ListItem","position":1,"name":"Accueil","item":"https:\/\/sprf.asso.fr\/sprfwp\/"},{"@type":"ListItem","position":2,"name":"Homosexualit\u00e9s, la psychanalyse \u00e0 l\u2019\u00e9preuve"}]},{"@type":"WebSite","@id":"https:\/\/sprf.asso.fr\/sprfwp\/#website","url":"https:\/\/sprf.asso.fr\/sprfwp\/","name":"Soci\u00e9t\u00e9 Psychanalytique de Recherche et de Formation","description":"Membre de l&#039;API - Fond\u00e9e en 2005","publisher":{"@id":"https:\/\/sprf.asso.fr\/sprfwp\/#organization"},"potentialAction":[{"@type":"SearchAction","target":{"@type":"EntryPoint","urlTemplate":"https:\/\/sprf.asso.fr\/sprfwp\/?s={search_term_string}"},"query-input":{"@type":"PropertyValueSpecification","valueRequired":true,"valueName":"search_term_string"}}],"inLanguage":"fr-FR"},{"@type":"Organization","@id":"https:\/\/sprf.asso.fr\/sprfwp\/#organization","name":"Soci\u00e9t\u00e9 Psychanalytique de Recherche et de Formation","url":"https:\/\/sprf.asso.fr\/sprfwp\/","logo":{"@type":"ImageObject","inLanguage":"fr-FR","@id":"https:\/\/sprf.asso.fr\/sprfwp\/#\/schema\/logo\/image\/","url":"https:\/\/sprf.asso.fr\/sprfwp\/wp-content\/uploads\/2021\/09\/LogoIndex_K_260_neg-3_shade.png","contentUrl":"https:\/\/sprf.asso.fr\/sprfwp\/wp-content\/uploads\/2021\/09\/LogoIndex_K_260_neg-3_shade.png","width":352,"height":201,"caption":"Soci\u00e9t\u00e9 Psychanalytique de Recherche et de Formation"},"image":{"@id":"https:\/\/sprf.asso.fr\/sprfwp\/#\/schema\/logo\/image\/"}},{"@type":"Person","@id":"https:\/\/sprf.asso.fr\/sprfwp\/#\/schema\/person\/5fbe27abc7e3b816c55fad5e20d3f8ce","name":"Philippe Daubry","image":{"@type":"ImageObject","inLanguage":"fr-FR","@id":"https:\/\/secure.gravatar.com\/avatar\/8f74531ae8c58c40cf5a154b71f16aa8d18e7db743dd622d635a4768f8fd6130?s=96&d=mm&r=g","url":"https:\/\/secure.gravatar.com\/avatar\/8f74531ae8c58c40cf5a154b71f16aa8d18e7db743dd622d635a4768f8fd6130?s=96&d=mm&r=g","contentUrl":"https:\/\/secure.gravatar.com\/avatar\/8f74531ae8c58c40cf5a154b71f16aa8d18e7db743dd622d635a4768f8fd6130?s=96&d=mm&r=g","caption":"Philippe Daubry"},"url":"https:\/\/sprf.asso.fr\/sprfwp\/author\/phd\/"}]}},"_links":{"self":[{"href":"https:\/\/sprf.asso.fr\/sprfwp\/wp-json\/wp\/v2\/posts\/11141","targetHints":{"allow":["GET"]}}],"collection":[{"href":"https:\/\/sprf.asso.fr\/sprfwp\/wp-json\/wp\/v2\/posts"}],"about":[{"href":"https:\/\/sprf.asso.fr\/sprfwp\/wp-json\/wp\/v2\/types\/post"}],"author":[{"embeddable":true,"href":"https:\/\/sprf.asso.fr\/sprfwp\/wp-json\/wp\/v2\/users\/3"}],"replies":[{"embeddable":true,"href":"https:\/\/sprf.asso.fr\/sprfwp\/wp-json\/wp\/v2\/comments?post=11141"}],"version-history":[{"count":10,"href":"https:\/\/sprf.asso.fr\/sprfwp\/wp-json\/wp\/v2\/posts\/11141\/revisions"}],"predecessor-version":[{"id":11226,"href":"https:\/\/sprf.asso.fr\/sprfwp\/wp-json\/wp\/v2\/posts\/11141\/revisions\/11226"}],"wp:featuredmedia":[{"embeddable":true,"href":"https:\/\/sprf.asso.fr\/sprfwp\/wp-json\/wp\/v2\/media\/11147"}],"wp:attachment":[{"href":"https:\/\/sprf.asso.fr\/sprfwp\/wp-json\/wp\/v2\/media?parent=11141"}],"wp:term":[{"taxonomy":"category","embeddable":true,"href":"https:\/\/sprf.asso.fr\/sprfwp\/wp-json\/wp\/v2\/categories?post=11141"},{"taxonomy":"post_tag","embeddable":true,"href":"https:\/\/sprf.asso.fr\/sprfwp\/wp-json\/wp\/v2\/tags?post=11141"}],"curies":[{"name":"wp","href":"https:\/\/api.w.org\/{rel}","templated":true}]}}