{"id":10872,"date":"2025-04-30T11:49:44","date_gmt":"2025-04-30T10:49:44","guid":{"rendered":"https:\/\/sprf.asso.fr\/sprfwp\/?p=10872"},"modified":"2025-05-22T10:09:45","modified_gmt":"2025-05-22T09:09:45","slug":"parlons-psychanalyse-le-traumatisme","status":"publish","type":"post","link":"https:\/\/sprf.asso.fr\/sprfwp\/2025\/04\/30\/parlons-psychanalyse-le-traumatisme\/","title":{"rendered":"Parlons Psychanalyse &#8211; Le traumatisme"},"content":{"rendered":"<p style=\"text-align: center;\"><a href=\"https:\/\/www.boutique.spp.asso.fr\/parlons-psychanalyse-1-le-traumatisme\"><img fetchpriority=\"high\" decoding=\"async\" class=\"aligncenter wp-image-10873 size-medium\" src=\"https:\/\/sprf.asso.fr\/sprfwp\/wp-content\/uploads\/2025\/04\/logo-Parlons_Fichier-1@4x-300x197.png\" alt=\"\" width=\"300\" height=\"197\" srcset=\"https:\/\/sprf.asso.fr\/sprfwp\/wp-content\/uploads\/2025\/04\/logo-Parlons_Fichier-1@4x-300x197.png 300w, https:\/\/sprf.asso.fr\/sprfwp\/wp-content\/uploads\/2025\/04\/logo-Parlons_Fichier-1@4x-768x505.png 768w, https:\/\/sprf.asso.fr\/sprfwp\/wp-content\/uploads\/2025\/04\/logo-Parlons_Fichier-1@4x.png 956w\" sizes=\"(max-width: 300px) 100vw, 300px\" \/><\/a><\/p>\n<p><a href=\"https:\/\/www.boutique.spp.asso.fr\/parlons-psychanalyse-1-le-traumatisme\" target=\"_blank\" rel=\"noopener\">D\u00e9couvrir Parlons Psychanalyse,<\/a>\u00a0revue num\u00e9rique de la SPP explorant le concept de traumatisme en 3 entretiens film\u00e9s et 12 podcasts.<\/p>\n","protected":false},"excerpt":{"rendered":"<p>D\u00e9couvrir Parlons Psychanalyse,\u00a0revue num\u00e9rique de la SPP explorant le concept de traumatisme en 3 entretiens film\u00e9s et 12 podcasts.<\/p>\n","protected":false},"author":3,"featured_media":10874,"comment_status":"closed","ping_status":"closed","sticky":false,"template":"","format":"standard","meta":{"_acf_changed":false,"site-sidebar-layout":"default","site-content-layout":"","ast-site-content-layout":"default","site-content-style":"default","site-sidebar-style":"default","ast-global-header-display":"","ast-banner-title-visibility":"","ast-main-header-display":"","ast-hfb-above-header-display":"","ast-hfb-below-header-display":"","ast-hfb-mobile-header-display":"","site-post-title":"","ast-breadcrumbs-content":"","ast-featured-img":"","footer-sml-layout":"","ast-disable-related-posts":"","theme-transparent-header-meta":"default","adv-header-id-meta":"","stick-header-meta":"","header-above-stick-meta":"","header-main-stick-meta":"","header-below-stick-meta":"","astra-migrate-meta-layouts":"set","ast-page-background-enabled":"default","ast-page-background-meta":{"desktop":{"background-color":"var(--ast-global-color-4)","background-image":"","background-repeat":"repeat","background-position":"center center","background-size":"auto","background-attachment":"scroll","background-type":"","background-media":"","overlay-type":"","overlay-color":"","overlay-opacity":"","overlay-gradient":""},"tablet":{"background-color":"","background-image":"","background-repeat":"repeat","background-position":"center center","background-size":"auto","background-attachment":"scroll","background-type":"","background-media":"","overlay-type":"","overlay-color":"","overlay-opacity":"","overlay-gradient":""},"mobile":{"background-color":"","background-image":"","background-repeat":"repeat","background-position":"center center","background-size":"auto","background-attachment":"scroll","background-type":"","background-media":"","overlay-type":"","overlay-color":"","overlay-opacity":"","overlay-gradient":""}},"ast-content-background-meta":{"desktop":{"background-color":"var(--ast-global-color-5)","background-image":"","background-repeat":"repeat","background-position":"center center","background-size":"auto","background-attachment":"scroll","background-type":"","background-media":"","overlay-type":"","overlay-color":"","overlay-opacity":"","overlay-gradient":""},"tablet":{"background-color":"var(--ast-global-color-5)","background-image":"","background-repeat":"repeat","background-position":"center center","background-size":"auto","background-attachment":"scroll","background-type":"","background-media":"","overlay-type":"","overlay-color":"","overlay-opacity":"","overlay-gradient":""},"mobile":{"background-color":"var(--ast-global-color-5)","background-image":"","background-repeat":"repeat","background-position":"center center","background-size":"auto","background-attachment":"scroll","background-type":"","background-media":"","overlay-type":"","overlay-color":"","overlay-opacity":"","overlay-gradient":""}},"footnotes":""},"categories":[932],"tags":[2031],"class_list":["post-10872","post","type-post","status-publish","format-standard","has-post-thumbnail","hentry","category-actualites-de-la-colonne-de-droite","tag-2031"],"acf":[],"yoast_head":"<!-- This site is optimized with the Yoast SEO plugin v27.4 - https:\/\/yoast.com\/product\/yoast-seo-wordpress\/ -->\n<title>Parlons Psychanalyse - Le traumatisme - Soci\u00e9t\u00e9 Psychanalytique de Recherche et de Formation<\/title>\n<meta name=\"robots\" content=\"index, follow, max-snippet:-1, max-image-preview:large, max-video-preview:-1\" \/>\n<link rel=\"canonical\" href=\"https:\/\/sprf.asso.fr\/sprfwp\/2025\/04\/30\/parlons-psychanalyse-le-traumatisme\/\" \/>\n<meta property=\"og:locale\" content=\"fr_FR\" \/>\n<meta property=\"og:type\" content=\"article\" \/>\n<meta property=\"og:title\" content=\"Parlons Psychanalyse - Le traumatisme - Soci\u00e9t\u00e9 Psychanalytique de Recherche et de Formation\" \/>\n<meta property=\"og:description\" content=\"D\u00e9couvrir Parlons Psychanalyse,\u00a0revue num\u00e9rique de la SPP explorant le concept de traumatisme en 3 entretiens film\u00e9s et 12 podcasts.\" \/>\n<meta property=\"og:url\" content=\"https:\/\/sprf.asso.fr\/sprfwp\/2025\/04\/30\/parlons-psychanalyse-le-traumatisme\/\" \/>\n<meta property=\"og:site_name\" content=\"Soci\u00e9t\u00e9 Psychanalytique de Recherche et de Formation\" \/>\n<meta property=\"article:published_time\" content=\"2025-04-30T10:49:44+00:00\" \/>\n<meta property=\"article:modified_time\" content=\"2025-05-22T09:09:45+00:00\" \/>\n<meta property=\"og:image\" content=\"https:\/\/sprf.asso.fr\/sprfwp\/wp-content\/uploads\/2025\/04\/Parlons-Psychanalyse_ima.png\" \/>\n\t<meta property=\"og:image:width\" content=\"472\" \/>\n\t<meta property=\"og:image:height\" content=\"668\" \/>\n\t<meta property=\"og:image:type\" content=\"image\/png\" \/>\n<meta name=\"author\" content=\"Philippe Daubry\" \/>\n<meta name=\"twitter:card\" content=\"summary_large_image\" \/>\n<meta name=\"twitter:label1\" content=\"\u00c9crit par\" \/>\n\t<meta name=\"twitter:data1\" content=\"Philippe Daubry\" \/>\n\t<meta name=\"twitter:label2\" content=\"Dur\u00e9e de lecture estim\u00e9e\" \/>\n\t<meta name=\"twitter:data2\" content=\"1 minute\" \/>\n<script type=\"application\/ld+json\" class=\"yoast-schema-graph\">{\"@context\":\"https:\\\/\\\/schema.org\",\"@graph\":[{\"@type\":\"Article\",\"@id\":\"https:\\\/\\\/sprf.asso.fr\\\/sprfwp\\\/2025\\\/04\\\/30\\\/parlons-psychanalyse-le-traumatisme\\\/#article\",\"isPartOf\":{\"@id\":\"https:\\\/\\\/sprf.asso.fr\\\/sprfwp\\\/2025\\\/04\\\/30\\\/parlons-psychanalyse-le-traumatisme\\\/\"},\"author\":{\"name\":\"Philippe Daubry\",\"@id\":\"https:\\\/\\\/sprf.asso.fr\\\/sprfwp\\\/#\\\/schema\\\/person\\\/5fbe27abc7e3b816c55fad5e20d3f8ce\"},\"headline\":\"Parlons Psychanalyse &#8211; Le traumatisme\",\"datePublished\":\"2025-04-30T10:49:44+00:00\",\"dateModified\":\"2025-05-22T09:09:45+00:00\",\"mainEntityOfPage\":{\"@id\":\"https:\\\/\\\/sprf.asso.fr\\\/sprfwp\\\/2025\\\/04\\\/30\\\/parlons-psychanalyse-le-traumatisme\\\/\"},\"wordCount\":26,\"publisher\":{\"@id\":\"https:\\\/\\\/sprf.asso.fr\\\/sprfwp\\\/#organization\"},\"image\":{\"@id\":\"https:\\\/\\\/sprf.asso.fr\\\/sprfwp\\\/2025\\\/04\\\/30\\\/parlons-psychanalyse-le-traumatisme\\\/#primaryimage\"},\"thumbnailUrl\":\"https:\\\/\\\/sprf.asso.fr\\\/sprfwp\\\/wp-content\\\/uploads\\\/2025\\\/04\\\/Parlons-Psychanalyse_ima.png\",\"keywords\":[\"2025\"],\"articleSection\":[\"actualit\u00e9s\"],\"inLanguage\":\"fr-FR\"},{\"@type\":\"WebPage\",\"@id\":\"https:\\\/\\\/sprf.asso.fr\\\/sprfwp\\\/2025\\\/04\\\/30\\\/parlons-psychanalyse-le-traumatisme\\\/\",\"url\":\"https:\\\/\\\/sprf.asso.fr\\\/sprfwp\\\/2025\\\/04\\\/30\\\/parlons-psychanalyse-le-traumatisme\\\/\",\"name\":\"Parlons Psychanalyse - Le traumatisme - Soci\u00e9t\u00e9 Psychanalytique de Recherche et de Formation\",\"isPartOf\":{\"@id\":\"https:\\\/\\\/sprf.asso.fr\\\/sprfwp\\\/#website\"},\"primaryImageOfPage\":{\"@id\":\"https:\\\/\\\/sprf.asso.fr\\\/sprfwp\\\/2025\\\/04\\\/30\\\/parlons-psychanalyse-le-traumatisme\\\/#primaryimage\"},\"image\":{\"@id\":\"https:\\\/\\\/sprf.asso.fr\\\/sprfwp\\\/2025\\\/04\\\/30\\\/parlons-psychanalyse-le-traumatisme\\\/#primaryimage\"},\"thumbnailUrl\":\"https:\\\/\\\/sprf.asso.fr\\\/sprfwp\\\/wp-content\\\/uploads\\\/2025\\\/04\\\/Parlons-Psychanalyse_ima.png\",\"datePublished\":\"2025-04-30T10:49:44+00:00\",\"dateModified\":\"2025-05-22T09:09:45+00:00\",\"breadcrumb\":{\"@id\":\"https:\\\/\\\/sprf.asso.fr\\\/sprfwp\\\/2025\\\/04\\\/30\\\/parlons-psychanalyse-le-traumatisme\\\/#breadcrumb\"},\"inLanguage\":\"fr-FR\",\"potentialAction\":[{\"@type\":\"ReadAction\",\"target\":[\"https:\\\/\\\/sprf.asso.fr\\\/sprfwp\\\/2025\\\/04\\\/30\\\/parlons-psychanalyse-le-traumatisme\\\/\"]}]},{\"@type\":\"ImageObject\",\"inLanguage\":\"fr-FR\",\"@id\":\"https:\\\/\\\/sprf.asso.fr\\\/sprfwp\\\/2025\\\/04\\\/30\\\/parlons-psychanalyse-le-traumatisme\\\/#primaryimage\",\"url\":\"https:\\\/\\\/sprf.asso.fr\\\/sprfwp\\\/wp-content\\\/uploads\\\/2025\\\/04\\\/Parlons-Psychanalyse_ima.png\",\"contentUrl\":\"https:\\\/\\\/sprf.asso.fr\\\/sprfwp\\\/wp-content\\\/uploads\\\/2025\\\/04\\\/Parlons-Psychanalyse_ima.png\",\"width\":472,\"height\":668},{\"@type\":\"BreadcrumbList\",\"@id\":\"https:\\\/\\\/sprf.asso.fr\\\/sprfwp\\\/2025\\\/04\\\/30\\\/parlons-psychanalyse-le-traumatisme\\\/#breadcrumb\",\"itemListElement\":[{\"@type\":\"ListItem\",\"position\":1,\"name\":\"Accueil\",\"item\":\"https:\\\/\\\/sprf.asso.fr\\\/sprfwp\\\/\"},{\"@type\":\"ListItem\",\"position\":2,\"name\":\"Parlons Psychanalyse &#8211; Le traumatisme\"}]},{\"@type\":\"WebSite\",\"@id\":\"https:\\\/\\\/sprf.asso.fr\\\/sprfwp\\\/#website\",\"url\":\"https:\\\/\\\/sprf.asso.fr\\\/sprfwp\\\/\",\"name\":\"Soci\u00e9t\u00e9 Psychanalytique de Recherche et de Formation\",\"description\":\"Membre de l&#039;API - Fond\u00e9e en 2005\",\"publisher\":{\"@id\":\"https:\\\/\\\/sprf.asso.fr\\\/sprfwp\\\/#organization\"},\"potentialAction\":[{\"@type\":\"SearchAction\",\"target\":{\"@type\":\"EntryPoint\",\"urlTemplate\":\"https:\\\/\\\/sprf.asso.fr\\\/sprfwp\\\/?s={search_term_string}\"},\"query-input\":{\"@type\":\"PropertyValueSpecification\",\"valueRequired\":true,\"valueName\":\"search_term_string\"}}],\"inLanguage\":\"fr-FR\"},{\"@type\":\"Organization\",\"@id\":\"https:\\\/\\\/sprf.asso.fr\\\/sprfwp\\\/#organization\",\"name\":\"Soci\u00e9t\u00e9 Psychanalytique de Recherche et de Formation\",\"url\":\"https:\\\/\\\/sprf.asso.fr\\\/sprfwp\\\/\",\"logo\":{\"@type\":\"ImageObject\",\"inLanguage\":\"fr-FR\",\"@id\":\"https:\\\/\\\/sprf.asso.fr\\\/sprfwp\\\/#\\\/schema\\\/logo\\\/image\\\/\",\"url\":\"https:\\\/\\\/sprf.asso.fr\\\/sprfwp\\\/wp-content\\\/uploads\\\/2021\\\/09\\\/LogoIndex_K_260_neg-3_shade.png\",\"contentUrl\":\"https:\\\/\\\/sprf.asso.fr\\\/sprfwp\\\/wp-content\\\/uploads\\\/2021\\\/09\\\/LogoIndex_K_260_neg-3_shade.png\",\"width\":352,\"height\":201,\"caption\":\"Soci\u00e9t\u00e9 Psychanalytique de Recherche et de Formation\"},\"image\":{\"@id\":\"https:\\\/\\\/sprf.asso.fr\\\/sprfwp\\\/#\\\/schema\\\/logo\\\/image\\\/\"}},{\"@type\":\"Person\",\"@id\":\"https:\\\/\\\/sprf.asso.fr\\\/sprfwp\\\/#\\\/schema\\\/person\\\/5fbe27abc7e3b816c55fad5e20d3f8ce\",\"name\":\"Philippe Daubry\",\"image\":{\"@type\":\"ImageObject\",\"inLanguage\":\"fr-FR\",\"@id\":\"https:\\\/\\\/secure.gravatar.com\\\/avatar\\\/8f74531ae8c58c40cf5a154b71f16aa8d18e7db743dd622d635a4768f8fd6130?s=96&d=mm&r=g\",\"url\":\"https:\\\/\\\/secure.gravatar.com\\\/avatar\\\/8f74531ae8c58c40cf5a154b71f16aa8d18e7db743dd622d635a4768f8fd6130?s=96&d=mm&r=g\",\"contentUrl\":\"https:\\\/\\\/secure.gravatar.com\\\/avatar\\\/8f74531ae8c58c40cf5a154b71f16aa8d18e7db743dd622d635a4768f8fd6130?s=96&d=mm&r=g\",\"caption\":\"Philippe Daubry\"},\"url\":\"https:\\\/\\\/sprf.asso.fr\\\/sprfwp\\\/author\\\/phd\\\/\"}]}<\/script>\n<!-- \/ Yoast SEO plugin. -->","yoast_head_json":{"title":"Parlons Psychanalyse - Le traumatisme - Soci\u00e9t\u00e9 Psychanalytique de Recherche et de Formation","robots":{"index":"index","follow":"follow","max-snippet":"max-snippet:-1","max-image-preview":"max-image-preview:large","max-video-preview":"max-video-preview:-1"},"canonical":"https:\/\/sprf.asso.fr\/sprfwp\/2025\/04\/30\/parlons-psychanalyse-le-traumatisme\/","og_locale":"fr_FR","og_type":"article","og_title":"Parlons Psychanalyse - Le traumatisme - Soci\u00e9t\u00e9 Psychanalytique de Recherche et de Formation","og_description":"D\u00e9couvrir Parlons Psychanalyse,\u00a0revue num\u00e9rique de la SPP explorant le concept de traumatisme en 3 entretiens film\u00e9s et 12 podcasts.","og_url":"https:\/\/sprf.asso.fr\/sprfwp\/2025\/04\/30\/parlons-psychanalyse-le-traumatisme\/","og_site_name":"Soci\u00e9t\u00e9 Psychanalytique de Recherche et de Formation","article_published_time":"2025-04-30T10:49:44+00:00","article_modified_time":"2025-05-22T09:09:45+00:00","og_image":[{"width":472,"height":668,"url":"https:\/\/sprf.asso.fr\/sprfwp\/wp-content\/uploads\/2025\/04\/Parlons-Psychanalyse_ima.png","type":"image\/png"}],"author":"Philippe Daubry","twitter_card":"summary_large_image","twitter_misc":{"\u00c9crit par":"Philippe Daubry","Dur\u00e9e de lecture estim\u00e9e":"1 minute"},"schema":{"@context":"https:\/\/schema.org","@graph":[{"@type":"Article","@id":"https:\/\/sprf.asso.fr\/sprfwp\/2025\/04\/30\/parlons-psychanalyse-le-traumatisme\/#article","isPartOf":{"@id":"https:\/\/sprf.asso.fr\/sprfwp\/2025\/04\/30\/parlons-psychanalyse-le-traumatisme\/"},"author":{"name":"Philippe Daubry","@id":"https:\/\/sprf.asso.fr\/sprfwp\/#\/schema\/person\/5fbe27abc7e3b816c55fad5e20d3f8ce"},"headline":"Parlons Psychanalyse &#8211; Le traumatisme","datePublished":"2025-04-30T10:49:44+00:00","dateModified":"2025-05-22T09:09:45+00:00","mainEntityOfPage":{"@id":"https:\/\/sprf.asso.fr\/sprfwp\/2025\/04\/30\/parlons-psychanalyse-le-traumatisme\/"},"wordCount":26,"publisher":{"@id":"https:\/\/sprf.asso.fr\/sprfwp\/#organization"},"image":{"@id":"https:\/\/sprf.asso.fr\/sprfwp\/2025\/04\/30\/parlons-psychanalyse-le-traumatisme\/#primaryimage"},"thumbnailUrl":"https:\/\/sprf.asso.fr\/sprfwp\/wp-content\/uploads\/2025\/04\/Parlons-Psychanalyse_ima.png","keywords":["2025"],"articleSection":["actualit\u00e9s"],"inLanguage":"fr-FR"},{"@type":"WebPage","@id":"https:\/\/sprf.asso.fr\/sprfwp\/2025\/04\/30\/parlons-psychanalyse-le-traumatisme\/","url":"https:\/\/sprf.asso.fr\/sprfwp\/2025\/04\/30\/parlons-psychanalyse-le-traumatisme\/","name":"Parlons Psychanalyse - Le traumatisme - Soci\u00e9t\u00e9 Psychanalytique de Recherche et de Formation","isPartOf":{"@id":"https:\/\/sprf.asso.fr\/sprfwp\/#website"},"primaryImageOfPage":{"@id":"https:\/\/sprf.asso.fr\/sprfwp\/2025\/04\/30\/parlons-psychanalyse-le-traumatisme\/#primaryimage"},"image":{"@id":"https:\/\/sprf.asso.fr\/sprfwp\/2025\/04\/30\/parlons-psychanalyse-le-traumatisme\/#primaryimage"},"thumbnailUrl":"https:\/\/sprf.asso.fr\/sprfwp\/wp-content\/uploads\/2025\/04\/Parlons-Psychanalyse_ima.png","datePublished":"2025-04-30T10:49:44+00:00","dateModified":"2025-05-22T09:09:45+00:00","breadcrumb":{"@id":"https:\/\/sprf.asso.fr\/sprfwp\/2025\/04\/30\/parlons-psychanalyse-le-traumatisme\/#breadcrumb"},"inLanguage":"fr-FR","potentialAction":[{"@type":"ReadAction","target":["https:\/\/sprf.asso.fr\/sprfwp\/2025\/04\/30\/parlons-psychanalyse-le-traumatisme\/"]}]},{"@type":"ImageObject","inLanguage":"fr-FR","@id":"https:\/\/sprf.asso.fr\/sprfwp\/2025\/04\/30\/parlons-psychanalyse-le-traumatisme\/#primaryimage","url":"https:\/\/sprf.asso.fr\/sprfwp\/wp-content\/uploads\/2025\/04\/Parlons-Psychanalyse_ima.png","contentUrl":"https:\/\/sprf.asso.fr\/sprfwp\/wp-content\/uploads\/2025\/04\/Parlons-Psychanalyse_ima.png","width":472,"height":668},{"@type":"BreadcrumbList","@id":"https:\/\/sprf.asso.fr\/sprfwp\/2025\/04\/30\/parlons-psychanalyse-le-traumatisme\/#breadcrumb","itemListElement":[{"@type":"ListItem","position":1,"name":"Accueil","item":"https:\/\/sprf.asso.fr\/sprfwp\/"},{"@type":"ListItem","position":2,"name":"Parlons Psychanalyse &#8211; Le traumatisme"}]},{"@type":"WebSite","@id":"https:\/\/sprf.asso.fr\/sprfwp\/#website","url":"https:\/\/sprf.asso.fr\/sprfwp\/","name":"Soci\u00e9t\u00e9 Psychanalytique de Recherche et de Formation","description":"Membre de l&#039;API - Fond\u00e9e en 2005","publisher":{"@id":"https:\/\/sprf.asso.fr\/sprfwp\/#organization"},"potentialAction":[{"@type":"SearchAction","target":{"@type":"EntryPoint","urlTemplate":"https:\/\/sprf.asso.fr\/sprfwp\/?s={search_term_string}"},"query-input":{"@type":"PropertyValueSpecification","valueRequired":true,"valueName":"search_term_string"}}],"inLanguage":"fr-FR"},{"@type":"Organization","@id":"https:\/\/sprf.asso.fr\/sprfwp\/#organization","name":"Soci\u00e9t\u00e9 Psychanalytique de Recherche et de Formation","url":"https:\/\/sprf.asso.fr\/sprfwp\/","logo":{"@type":"ImageObject","inLanguage":"fr-FR","@id":"https:\/\/sprf.asso.fr\/sprfwp\/#\/schema\/logo\/image\/","url":"https:\/\/sprf.asso.fr\/sprfwp\/wp-content\/uploads\/2021\/09\/LogoIndex_K_260_neg-3_shade.png","contentUrl":"https:\/\/sprf.asso.fr\/sprfwp\/wp-content\/uploads\/2021\/09\/LogoIndex_K_260_neg-3_shade.png","width":352,"height":201,"caption":"Soci\u00e9t\u00e9 Psychanalytique de Recherche et de Formation"},"image":{"@id":"https:\/\/sprf.asso.fr\/sprfwp\/#\/schema\/logo\/image\/"}},{"@type":"Person","@id":"https:\/\/sprf.asso.fr\/sprfwp\/#\/schema\/person\/5fbe27abc7e3b816c55fad5e20d3f8ce","name":"Philippe Daubry","image":{"@type":"ImageObject","inLanguage":"fr-FR","@id":"https:\/\/secure.gravatar.com\/avatar\/8f74531ae8c58c40cf5a154b71f16aa8d18e7db743dd622d635a4768f8fd6130?s=96&d=mm&r=g","url":"https:\/\/secure.gravatar.com\/avatar\/8f74531ae8c58c40cf5a154b71f16aa8d18e7db743dd622d635a4768f8fd6130?s=96&d=mm&r=g","contentUrl":"https:\/\/secure.gravatar.com\/avatar\/8f74531ae8c58c40cf5a154b71f16aa8d18e7db743dd622d635a4768f8fd6130?s=96&d=mm&r=g","caption":"Philippe Daubry"},"url":"https:\/\/sprf.asso.fr\/sprfwp\/author\/phd\/"}]}},"_links":{"self":[{"href":"https:\/\/sprf.asso.fr\/sprfwp\/wp-json\/wp\/v2\/posts\/10872","targetHints":{"allow":["GET"]}}],"collection":[{"href":"https:\/\/sprf.asso.fr\/sprfwp\/wp-json\/wp\/v2\/posts"}],"about":[{"href":"https:\/\/sprf.asso.fr\/sprfwp\/wp-json\/wp\/v2\/types\/post"}],"author":[{"embeddable":true,"href":"https:\/\/sprf.asso.fr\/sprfwp\/wp-json\/wp\/v2\/users\/3"}],"replies":[{"embeddable":true,"href":"https:\/\/sprf.asso.fr\/sprfwp\/wp-json\/wp\/v2\/comments?post=10872"}],"version-history":[{"count":1,"href":"https:\/\/sprf.asso.fr\/sprfwp\/wp-json\/wp\/v2\/posts\/10872\/revisions"}],"predecessor-version":[{"id":10875,"href":"https:\/\/sprf.asso.fr\/sprfwp\/wp-json\/wp\/v2\/posts\/10872\/revisions\/10875"}],"wp:featuredmedia":[{"embeddable":true,"href":"https:\/\/sprf.asso.fr\/sprfwp\/wp-json\/wp\/v2\/media\/10874"}],"wp:attachment":[{"href":"https:\/\/sprf.asso.fr\/sprfwp\/wp-json\/wp\/v2\/media?parent=10872"}],"wp:term":[{"taxonomy":"category","embeddable":true,"href":"https:\/\/sprf.asso.fr\/sprfwp\/wp-json\/wp\/v2\/categories?post=10872"},{"taxonomy":"post_tag","embeddable":true,"href":"https:\/\/sprf.asso.fr\/sprfwp\/wp-json\/wp\/v2\/tags?post=10872"}],"curies":[{"name":"wp","href":"https:\/\/api.w.org\/{rel}","templated":true}]}}