{"id":10209,"date":"2024-10-04T12:52:02","date_gmt":"2024-10-04T11:52:02","guid":{"rendered":"https:\/\/sprf.asso.fr\/sprfwp\/?p=10209"},"modified":"2025-01-29T17:13:12","modified_gmt":"2025-01-29T16:13:12","slug":"lecoute-de-linconscient-a-lepreuve-du-numerique","status":"publish","type":"post","link":"https:\/\/sprf.asso.fr\/sprfwp\/2024\/10\/04\/lecoute-de-linconscient-a-lepreuve-du-numerique\/","title":{"rendered":"L&rsquo;\u00e9coute de l&rsquo;inconscient \u00e0 l&rsquo;\u00e9preuve du num\u00e9rique"},"content":{"rendered":"<h2 style=\"text-align: center;\"><span style=\"color: #000000;\">JOURN\u00c9E SCIENTIFIQUE DE LA SPRF<\/span><br \/>\n<span style=\"color: #000000;\">SAMEDI 25 JANVIER 2025<\/span><\/h2>\n<p style=\"text-align: center;\"><span style=\"color: #000000;\">Association Quartier Notre-Dame-des-champs<\/span><br \/>\n<span style=\"color: #000000;\">92 bis boulevard du Montparnasse \u2013 75014 Paris<\/span><\/p>\n<p>&nbsp;<\/p>\n<h3 style=\"font-weight: 400; text-align: justify;\"><img fetchpriority=\"high\" decoding=\"async\" class=\"wp-image-10374 size-full alignleft\" src=\"https:\/\/sprf.asso.fr\/sprfwp\/wp-content\/uploads\/2024\/10\/FaceBook-Ecoute-de-linconscient-SPRF-R\u00b0-e1733493692558.jpg\" alt=\"\" width=\"276\" height=\"595\" srcset=\"https:\/\/sprf.asso.fr\/sprfwp\/wp-content\/uploads\/2024\/10\/FaceBook-Ecoute-de-linconscient-SPRF-R\u00b0-e1733493692558.jpg 276w, https:\/\/sprf.asso.fr\/sprfwp\/wp-content\/uploads\/2024\/10\/FaceBook-Ecoute-de-linconscient-SPRF-R\u00b0-e1733493692558-139x300.jpg 139w\" sizes=\"(max-width: 276px) 100vw, 276px\" \/><span style=\"color: #000000; font-size: 12pt;\">ARGUMENT<\/span><\/h3>\n<p><span style=\"font-size: 12pt;\">L\u2019enjeu majeur de la d\u00e9couverte freudienne est le surgissement des mots trouv\u00e9s cr\u00e9\u00e9s dans le vif du transfert et du contre transfert. Une rencontre \u00e0 nulle autre pareille o\u00f9 le psychanalyste \u00e9coute un patient parler de ce qui lui arrive, de ce qui l\u2019atteint, de sa souffrance, de ses r\u00e9miniscences. Ce cadre permet l\u2019acc\u00e8s aux fantasmes inconscients, aux affects les plus inattendus dans leurs formes et dans leur force pulsionnelle, afin de pouvoir les penser et trouver les mots pour les dire.<\/span><\/p>\n<p style=\"font-weight: 400; text-align: justify;\"><span style=\"font-size: 12pt;\">Depuis l\u2019invention freudienne le monde a beaucoup chang\u00e9. L\u2019image est devenue reine. Elle est de toutes les sc\u00e8nes, priv\u00e9es et publiques. Voir d\u2019abord.\u00a0 Penser et acc\u00e9der aux mots, ensuite. Cet afflux d\u2019images venues du dehors, de la r\u00e9alit\u00e9 externe, cette <em>captation<\/em>, vient-elle barrer l\u2019acc\u00e8s au sexuel infantile, aux fantasmes originaires\u00a0? Les \u00e9crans impactent-ils le penser<strong>&#8211;<\/strong>r\u00eaver\u00a0? Entravent-ils l\u2019acc\u00e8s au symbolique, essentiel pour construire son roman familial et ne plus \u00eatre pris en otage par la r\u00e9alit\u00e9 vue et impos\u00e9e de l\u2019ext\u00e9rieur\u00a0? L\u2019omnipr\u00e9sence des \u00e9crans modifie-t-elle nos constructions imaginaires, notre rapport \u00e0 l\u2019environnement, au r\u00e9el, \u00e0 notre corps et \u00e0 nos sensations\u00a0?<\/span><\/p>\n<p style=\"font-weight: 400; text-align: justify;\"><span style=\"font-size: 12pt;\">La d\u00e9mat\u00e9rialisation introduit une rupture entre le somatique et le psychique. Que devient le rapport au corps, \u00e0 l\u2019autre pr\u00e9sent-absent\u00a0? O\u00f9 se situent et s\u2019\u00e9prouvent les limites entre le dedans et le dehors, le per\u00e7u et l\u2019hallucinatoire\u00a0? La source corporelle perd-t-elle de son importance pour ne privil\u00e9gier que le discours\u00a0? La d\u00e9mat\u00e9rialisation ne signe-t-elle pas l\u2019abandon du corps ou son insignifiance d\u00e8s lors qu\u2019il n\u2019y a plus de limites \u00e0 la mat\u00e9rialit\u00e9 et \u00e0 la r\u00e9alit\u00e9 impos\u00e9es par la pr\u00e9sence physique\u00a0?<\/span><\/p>\n<p style=\"font-weight: 400; text-align: justify;\"><span style=\"font-size: 12pt;\">La psychanalyse, et par cons\u00e9quent les analystes, sont bouscul\u00e9s par l\u2019arriv\u00e9e des nouvelles technologies et leur temporalit\u00e9 imm\u00e9diate. Cette \u00ab fr\u00e9quentation intensive du monde digital tend \u00e0 cr\u00e9er une abrasion des facult\u00e9s imaginatives\u00a0\u00bb et \u00ab\u00a0l\u2019addiction \u00e0 l\u2019imm\u00e9diatet\u00e9 de la r\u00e9ponse court-circuite le travail psychique d\u2019\u00e9laboration face aux \u00e9nigmes\u00a0\u00bb au profit d\u2019un fonctionnement en pens\u00e9e op\u00e9ratoire (Patrick Miller).<\/span><\/p>\n<p style=\"font-weight: 400; text-align: justify;\"><span style=\"font-size: 12pt;\">\u00a0Que devient l\u2019\u00e9coute du faux et du vrai, du d\u00e9lire et du r\u00eave \u2013 f\u00fbt-il un cauchemar &#8211; dans un monde o\u00f9 le vrai et le faux, le r\u00eave et la r\u00e9alit\u00e9 se t\u00e9lescopent\u00a0; dans la mesure o\u00f9 l\u2019imm\u00e9diatet\u00e9, le tout tout de suite, en deux clics, abrase la temporalit\u00e9 psychique, la dimension de l\u2019apr\u00e8s-coup\u00a0? Comment la supr\u00e9matie des nouvelles technologies vient-elle bousculer nos th\u00e9ories et\/ou renforcer nos r\u00e9sistances\u00a0? Que devient le cadre analytique\u00a0: dire, entendre, \u00eatre entendu, au-del\u00e0 du discours conscient\u00a0? Comment interroger l\u2019impact du virtuel sur notre \u00e9coute\u00a0? Quelle influence sur le maniement du transfert et le rep\u00e9rage des mouvements contre-transf\u00e9rentiels en l\u2019absence de relation analytique incarn\u00e9e quand certains d\u00e9fendent l\u2019analyse <em>\u00e0 distance, <\/em>faisant fi de l\u2019infra-verbal et de la sensorialit\u00e9 v\u00e9cus en pr\u00e9sentiel\u00a0?<\/span><\/p>\n<p style=\"font-weight: 400;\"><span style=\"font-size: 12pt;\">Il nous faut, <em>en pr\u00e9sence<\/em>, nous rencontrer pour \u00e9changer et en parler.<\/span><\/p>\n<p style=\"font-weight: 400;\"><span style=\"color: #000000; font-size: 10pt;\"><strong>Secr\u00e9tariat scientifique\u00a0:<\/strong> Catherine Lacheny<\/span><br \/>\n<span style=\"color: #000000;\"><span style=\"font-size: 10pt;\"><strong>Conseil scientifique\u00a0:<\/strong><\/span><span style=\"font-weight: 400;\"><span style=\"font-size: 10pt;\"> Catherine Desvignes, Val\u00e9rie Tanquerey<\/span><br \/>\n<span style=\"font-size: 10pt;\"><span style=\"color: #000000;\"><strong>Mod\u00e9ration :<\/strong><\/span> Christine Voyenne, Jo\u00eblle Picard, Jean-Claude Stoloff<\/span><br \/>\n<\/span><\/span><\/p>\n<h3 style=\"font-weight: 400; text-align: justify;\"><span style=\"color: #000000;\">TEXTES DES INTERVENTIONS<\/span><\/h3>\n<p style=\"padding-left: 40px;\"><a style=\"font-size: 16px;\" href=\"https:\/\/sprf.asso.fr\/sprfwp\/wp-content\/uploads\/2025\/01\/20250125-J-P-GUEGUEN_Introduction-a-la-journee-scientifique-2025.pdf\" target=\"_blank\" rel=\"noopener\"><strong><span style=\"color: #000000;\"><img decoding=\"async\" class=\"wp-image-1825 alignleft\" style=\"margin: 5px 4px 0 0;\" src=\"http:\/\/sprf.asso.fr\/sprfwp\/wp-content\/uploads\/2018\/12\/pdf.gif\" alt=\"T\u00e9l\u00e9charger un pdf\" width=\"12\" height=\"12\" \/><\/span><span style=\"color: #3366ff;\">Texte de l&rsquo;intervention de Jean-Philippe GU\u00c9GEN : <i>Introduction \u00e0 la Journ\u00e9e Scientifique<\/i><\/span><\/strong><\/a><\/p>\n<div>\n<p><em><span style=\"color: #000000;\">Pr\u00e9sentation de Daniel DEFAYS\u00a0 par Christine VOYENNE :<\/span><\/em><\/p>\n<div>\n<p class=\"Standard\" style=\"padding-left: 40px;\"><i>J\u2019ai le plaisir de vous pr\u00e9senter le professeur Daniel DEFAYS qui nous fait l\u2019honneur aujourd\u2019hui de venir nous parler de l\u2019intelligence artificielle et nous expliquer comment elle fonctionne car, il faut bien le reconna\u00eetre, les psychanalystes ne sont pas tr\u00e8s attir\u00e9s par les nouvelles technologies et les craignent beaucoup, sans pourtant bien les comprendre et saisir r\u00e9ellement tous leurs enjeux. Nous avons cependant tout int\u00e9r\u00eat \u00e0 les approcher car elles impr\u00e8gnent d\u00e9j\u00e0 largement le monde o\u00f9 nos patients et nous-m\u00eames \u00e9voluons, parfois \u00e0 notre corps d\u00e9fendant &#8230;<\/i><\/p>\n<p class=\"Standard\" style=\"padding-left: 40px;\"><i>Daniel DEFAYS, vous \u00eates Docteur en sciences et Professeur de la Facult\u00e9 de Li\u00e8ge depuis 1991 o\u00f9 vous donnez un cours d\u2019introduction \u00e0 l\u2019I-A \u00e0 des \u00e9tudiants en Sciences Humaines. Vous avez \u00e9t\u00e9 un pionnier car vous vous int\u00e9ressez \u00e0 l\u2019Intelligence Artificielle depuis plus de 40 ans. Vous aviez d\u00e9j\u00e0 publi\u00e9 un premier livre sur le sujet en 1987 qui s\u2019intitule \u00ab L\u2019esprit en friche : les foisonnements de l\u2019intelligence artificielle \u00bb apr\u00e8s avoir pass\u00e9 un an dans un laboratoire d\u2019I-A aux \u00c9tats-Unis. Depuis, vous avez \u00e9crit et particip\u00e9 \u00e0 de nombreux articles scientifiques dans divers ouvrages et revues, et votre dernier livre paru \u00e0 l\u2019Harmattan en 2020 traite des rapports qui existent entre la musique, les images et les saveurs, ce qui est actuellement votre sujet de recherche principal.<\/i><\/p>\n<p style=\"padding-left: 40px;\"><strong style=\"font-size: 16px;\"><span style=\"color: #000000;\"><a style=\"font-size: 16px;\" href=\"https:\/\/sprf.asso.fr\/sprfwp\/wp-content\/uploads\/2025\/01\/20250125-D.Defays_Emergence-du-sens-en-intelligence-artificielle.pdf\" target=\"_blank\" rel=\"noopener\"><img decoding=\"async\" class=\"wp-image-1825 alignleft\" style=\"margin: 5px 4px 0 0;\" src=\"http:\/\/sprf.asso.fr\/sprfwp\/wp-content\/uploads\/2018\/12\/pdf.gif\" alt=\"T\u00e9l\u00e9charger un pdf\" width=\"12\" height=\"12\" \/> <span style=\"background-color: #ffffff;\">Texte de l&rsquo;intervention de Daniel Defays : <i>\u00c9mergence du sens en Intelligence Artificielle<\/i><\/span><\/a><\/span><\/strong><\/p>\n<\/div>\n<p><em><span style=\"color: #000000;\">Pr\u00e9sentation de Monsieur L\u00e9olpoldo BLEGUER par Christine VOYENNE :<\/span><\/em><\/p>\n<div>\n<p style=\"padding-left: 40px;\"><span style=\"font-size: 16px;\">L\u00e9opoldo BLEGUER a quitt\u00e9 l\u2019Argentine en 1976 apr\u00e8s des \u00e9tudes de m\u00e9decine et de psychiatrie. Il vit depuis \u00e0 Paris. Il est membre titulaire (formateur) de l\u2019<\/span><i>Association Psychanalytique de France<\/i><span style=\"font-size: 16px;\">. Il a publi\u00e9 des textes sur l\u2019\u0153uvre de M\u00e9lanie Klein, sur la psychanalyse au\u00a0<\/span><i>R\u00edo de la Plata<\/i><span style=\"font-size: 16px;\">\u00a0(la rivi\u00e8re entre Argentine et Uruguay) et sur des questions m\u00e9thodologiques en psychanalyse. Il est membre du\u00a0<\/span><i>Working Party<\/i><span style=\"font-size: 16px;\">\u00a0de la FEP (<\/span><i>F\u00e9d\u00e9ration europ\u00e9enne de psychanalyse<\/i><span style=\"font-size: 16px;\">),\u00a0<\/span><i>Sp\u00e9cificit\u00e9 du traitement psychanalytique aujourd\u2019hui<\/i><span style=\"font-size: 16px;\">. Il a \u00e9t\u00e9 membre du comit\u00e9 de r\u00e9daction de\u00a0<\/span><i>Libres cahiers pour la psychanalyse<\/i><span style=\"font-size: 16px;\">. Il a \u00e9t\u00e9 Secr\u00e9taire g\u00e9n\u00e9ral de la FEP (2012 \u00e0 2016) et Pr\u00e9sident de l\u2019APF (2017-2019).<\/span><\/p>\n<\/div>\n<div style=\"padding-left: 40px;\">\n<p>Il s\u2019interroge sur la notion de cadre en psychanalyse depuis plusieurs ann\u00e9es. Mais c\u2019est l\u2019exercice forc\u00e9 des s\u00e9ances \u00e0 distance durant la pand\u00e9mie de Covid 19 qui l\u2019a amen\u00e9 \u00e0 prolonger ses r\u00e9flexions par une r\u00e9flexion plus pouss\u00e9e sur les pratiques de l\u2019analyse \u00e0 distance. Ce probl\u00e8me, tr\u00e8s actuel, agite aujourd\u2019hui les psychanalystes dans le monde entier, particuli\u00e8rement \u00e0 travers les d\u00e9bats dans l\u2019IPA (International Psychoanalytical Association) dont les derni\u00e8res recommandations sur la formation des psychanalystes viennent d\u2019\u00eatre actualis\u00e9es dans une direction qui nous pose beaucoup de questions \u2026<\/p>\n<p><span style=\"font-size: 16px;\">Son intervention a repris oralement ses r\u00e9flexions sur ce sujet qui viennent d\u2019\u00eatre publi\u00e9es au PUF sous le titre : <em>\u00ab Analyse en pr\u00e9sence, analyse \u00e0 distance \u00bb<\/em> dans la petite Biblioth\u00e8que de Psychanalyse.<\/span><\/p>\n<\/div>\n<\/div>\n<h3 style=\"font-weight: 400; text-align: justify;\"><span style=\"color: #000000;\">PROGRAMME<\/span><\/h3>\n\n<table id=\"tablepress-12\" class=\"tablepress tablepress-id-12\">\n<tbody>\n<tr class=\"row-1\">\n\t<td class=\"column-1\"><b><i>Matin\u00e9e<\/i><\/b><\/td><td class=\"column-2\"><b>Mod\u00e9ratrice Christine Voyenne<\/b><\/td>\n<\/tr>\n<tr class=\"row-2\">\n\t<td class=\"column-1\"><b>9h00 : <\/b><\/td><td class=\"column-2\">Accueil des participants<\/td>\n<\/tr>\n<tr class=\"row-3\">\n\t<td class=\"column-1\"><b>9h15 : <\/b><\/td><td class=\"column-2\"><b>Jean-Philippe Gu\u00e9guen<\/b> : <i>Introduction<\/i><\/td>\n<\/tr>\n<tr class=\"row-4\">\n\t<td class=\"column-1\"><b>9h30 : <\/b><\/td><td class=\"column-2\"><b>Daniel Defays<\/b>\u00a0: <i>\u00c9mergence du sens en Intelligence Artificielle<\/i><\/td>\n<\/tr>\n<tr class=\"row-5\">\n\t<td class=\"column-1\"><b>10h15 :\u00a0<\/b><\/td><td class=\"column-2\">Discussion<\/td>\n<\/tr>\n<tr class=\"row-6\">\n\t<td class=\"column-1\"><b>10h45 : <\/b><\/td><td class=\"column-2\">Pause\u00a0<\/td>\n<\/tr>\n<tr class=\"row-7\">\n\t<td class=\"column-1\"><b>11h15 : <\/b><\/td><td class=\"column-2\"><b>L\u00e9opoldo Bleger<\/b> : <i>Les conditions de la cure\u00a0: Pr\u00e9sence et distance<\/i><\/td>\n<\/tr>\n<tr class=\"row-8\">\n\t<td class=\"column-1\"><b>12h00 :<\/b><\/td><td class=\"column-2\">Discussion<\/td>\n<\/tr>\n<tr class=\"row-9\">\n\t<td class=\"column-1\"><b>12h30 : <\/b><\/td><td class=\"column-2\">D\u00e9jeuner libre<\/td>\n<\/tr>\n<tr class=\"row-10\">\n\t<td class=\"column-1\"><b><i>Apr\u00e8s-midi<\/i><\/b><\/td><td class=\"column-2\"><b>Mod\u00e9ratrice Jo\u00eblle Picard<\/b><\/td>\n<\/tr>\n<tr class=\"row-11\">\n\t<td class=\"column-1\"><b>14h00 : <\/b><\/td><td class=\"column-2\">Br\u00e8ves Variations cliniques<\/td>\n<\/tr>\n<tr class=\"row-12\">\n\t<td class=\"column-1\"><\/td><td class=\"column-2\"><ul><li><b><b>Anna Dal Mas : <\/b><i>La crypte et la vierge noire<\/i><\/li><br \/>\n<li><b>Val\u00e9rie Tanquerey : <\/b><i>Avatar<\/i><\/li><br \/>\n<li><b>Jolanta Tijus-Glazewski : <\/b><i>Temps perdu, temps retrouv\u00e9<\/i><\/li><\/ul><\/td>\n<\/tr>\n<tr class=\"row-13\">\n\t<td class=\"column-1\"><b>15h00 :<\/b><\/td><td class=\"column-2\">Discussion<\/td>\n<\/tr>\n<tr class=\"row-14\">\n\t<td class=\"column-1\"><b>15h30:<\/b><\/td><td class=\"column-2\">Pause<\/td>\n<\/tr>\n<tr class=\"row-15\">\n\t<td class=\"column-1\"><b>16h00 : <\/b><\/td><td class=\"column-2\">Table ronde et discussion anim\u00e9e par <b>Jean-Claude Stoloff<\/b> r\u00e9unissant l\u2019ensemble des intervenants de la journ\u00e9e.<\/td>\n<\/tr>\n<tr class=\"row-16\">\n\t<td class=\"column-1\"><b>17h30 : <\/b><\/td><td class=\"column-2\">Fin de la journ\u00e9e<\/td>\n<\/tr>\n<\/tbody>\n<\/table>\n<!-- #tablepress-12 from cache -->\n","protected":false},"excerpt":{"rendered":"<p>JOURN\u00c9E SCIENTIFIQUE DE LA SPRF SAMEDI 25 JANVIER 2025 Association Quartier Notre-Dame-des-champs 92 bis boulevard du Montparnasse \u2013 75014 Paris &nbsp; ARGUMENT L\u2019enjeu majeur de la d\u00e9couverte freudienne est le surgissement des mots trouv\u00e9s cr\u00e9\u00e9s dans le vif du transfert et du contre transfert. Une rencontre \u00e0 nulle autre pareille o\u00f9 le psychanalyste \u00e9coute un [&hellip;]<\/p>\n","protected":false},"author":3,"featured_media":10208,"comment_status":"closed","ping_status":"closed","sticky":false,"template":"","format":"standard","meta":{"_acf_changed":false,"site-sidebar-layout":"default","site-content-layout":"","ast-site-content-layout":"default","site-content-style":"default","site-sidebar-style":"default","ast-global-header-display":"","ast-banner-title-visibility":"","ast-main-header-display":"","ast-hfb-above-header-display":"","ast-hfb-below-header-display":"","ast-hfb-mobile-header-display":"","site-post-title":"","ast-breadcrumbs-content":"","ast-featured-img":"","footer-sml-layout":"","ast-disable-related-posts":"","theme-transparent-header-meta":"default","adv-header-id-meta":"","stick-header-meta":"","header-above-stick-meta":"","header-main-stick-meta":"","header-below-stick-meta":"","astra-migrate-meta-layouts":"set","ast-page-background-enabled":"default","ast-page-background-meta":{"desktop":{"background-color":"var(--ast-global-color-4)","background-image":"","background-repeat":"repeat","background-position":"center center","background-size":"auto","background-attachment":"scroll","background-type":"","background-media":"","overlay-type":"","overlay-color":"","overlay-opacity":"","overlay-gradient":""},"tablet":{"background-color":"","background-image":"","background-repeat":"repeat","background-position":"center center","background-size":"auto","background-attachment":"scroll","background-type":"","background-media":"","overlay-type":"","overlay-color":"","overlay-opacity":"","overlay-gradient":""},"mobile":{"background-color":"","background-image":"","background-repeat":"repeat","background-position":"center center","background-size":"auto","background-attachment":"scroll","background-type":"","background-media":"","overlay-type":"","overlay-color":"","overlay-opacity":"","overlay-gradient":""}},"ast-content-background-meta":{"desktop":{"background-color":"var(--ast-global-color-5)","background-image":"","background-repeat":"repeat","background-position":"center center","background-size":"auto","background-attachment":"scroll","background-type":"","background-media":"","overlay-type":"","overlay-color":"","overlay-opacity":"","overlay-gradient":""},"tablet":{"background-color":"var(--ast-global-color-5)","background-image":"","background-repeat":"repeat","background-position":"center center","background-size":"auto","background-attachment":"scroll","background-type":"","background-media":"","overlay-type":"","overlay-color":"","overlay-opacity":"","overlay-gradient":""},"mobile":{"background-color":"var(--ast-global-color-5)","background-image":"","background-repeat":"repeat","background-position":"center center","background-size":"auto","background-attachment":"scroll","background-type":"","background-media":"","overlay-type":"","overlay-color":"","overlay-opacity":"","overlay-gradient":""}},"footnotes":""},"categories":[2009],"tags":[2031],"class_list":["post-10209","post","type-post","status-publish","format-standard","has-post-thumbnail","hentry","category-journee-scientifique","tag-2031"],"acf":[],"yoast_head":"<!-- This site is optimized with the Yoast SEO plugin v27.4 - https:\/\/yoast.com\/product\/yoast-seo-wordpress\/ -->\n<title>L&#039;\u00e9coute de l&#039;inconscient \u00e0 l&#039;\u00e9preuve du num\u00e9rique - Soci\u00e9t\u00e9 Psychanalytique de Recherche et de Formation<\/title>\n<meta name=\"robots\" content=\"index, follow, max-snippet:-1, max-image-preview:large, max-video-preview:-1\" \/>\n<link rel=\"canonical\" href=\"https:\/\/sprf.asso.fr\/sprfwp\/2024\/10\/04\/lecoute-de-linconscient-a-lepreuve-du-numerique\/\" \/>\n<meta property=\"og:locale\" content=\"fr_FR\" \/>\n<meta property=\"og:type\" content=\"article\" \/>\n<meta property=\"og:title\" content=\"L&#039;\u00e9coute de l&#039;inconscient \u00e0 l&#039;\u00e9preuve du num\u00e9rique - Soci\u00e9t\u00e9 Psychanalytique de Recherche et de Formation\" \/>\n<meta property=\"og:description\" content=\"JOURN\u00c9E SCIENTIFIQUE DE LA SPRF SAMEDI 25 JANVIER 2025 Association Quartier Notre-Dame-des-champs 92 bis boulevard du Montparnasse \u2013 75014 Paris &nbsp; ARGUMENT L\u2019enjeu majeur de la d\u00e9couverte freudienne est le surgissement des mots trouv\u00e9s cr\u00e9\u00e9s dans le vif du transfert et du contre transfert. Une rencontre \u00e0 nulle autre pareille o\u00f9 le psychanalyste \u00e9coute un [&hellip;]\" \/>\n<meta property=\"og:url\" content=\"https:\/\/sprf.asso.fr\/sprfwp\/2024\/10\/04\/lecoute-de-linconscient-a-lepreuve-du-numerique\/\" \/>\n<meta property=\"og:site_name\" content=\"Soci\u00e9t\u00e9 Psychanalytique de Recherche et de Formation\" \/>\n<meta property=\"article:published_time\" content=\"2024-10-04T11:52:02+00:00\" \/>\n<meta property=\"article:modified_time\" content=\"2025-01-29T16:13:12+00:00\" \/>\n<meta property=\"og:image\" content=\"https:\/\/sprf.asso.fr\/sprfwp\/wp-content\/uploads\/2021\/04\/SPRF_JS_2025_ima.jpg\" \/>\n\t<meta property=\"og:image:width\" content=\"745\" \/>\n\t<meta property=\"og:image:height\" content=\"1054\" \/>\n\t<meta property=\"og:image:type\" content=\"image\/jpeg\" \/>\n<meta name=\"author\" content=\"Philippe Daubry\" \/>\n<meta name=\"twitter:card\" content=\"summary_large_image\" \/>\n<meta name=\"twitter:label1\" content=\"\u00c9crit par\" \/>\n\t<meta name=\"twitter:data1\" content=\"Philippe Daubry\" \/>\n\t<meta name=\"twitter:label2\" content=\"Dur\u00e9e de lecture estim\u00e9e\" \/>\n\t<meta name=\"twitter:data2\" content=\"6 minutes\" \/>\n<script type=\"application\/ld+json\" class=\"yoast-schema-graph\">{\"@context\":\"https:\\\/\\\/schema.org\",\"@graph\":[{\"@type\":\"Article\",\"@id\":\"https:\\\/\\\/sprf.asso.fr\\\/sprfwp\\\/2024\\\/10\\\/04\\\/lecoute-de-linconscient-a-lepreuve-du-numerique\\\/#article\",\"isPartOf\":{\"@id\":\"https:\\\/\\\/sprf.asso.fr\\\/sprfwp\\\/2024\\\/10\\\/04\\\/lecoute-de-linconscient-a-lepreuve-du-numerique\\\/\"},\"author\":{\"name\":\"Philippe Daubry\",\"@id\":\"https:\\\/\\\/sprf.asso.fr\\\/sprfwp\\\/#\\\/schema\\\/person\\\/5fbe27abc7e3b816c55fad5e20d3f8ce\"},\"headline\":\"L&rsquo;\u00e9coute de l&rsquo;inconscient \u00e0 l&rsquo;\u00e9preuve du num\u00e9rique\",\"datePublished\":\"2024-10-04T11:52:02+00:00\",\"dateModified\":\"2025-01-29T16:13:12+00:00\",\"mainEntityOfPage\":{\"@id\":\"https:\\\/\\\/sprf.asso.fr\\\/sprfwp\\\/2024\\\/10\\\/04\\\/lecoute-de-linconscient-a-lepreuve-du-numerique\\\/\"},\"wordCount\":1123,\"publisher\":{\"@id\":\"https:\\\/\\\/sprf.asso.fr\\\/sprfwp\\\/#organization\"},\"image\":{\"@id\":\"https:\\\/\\\/sprf.asso.fr\\\/sprfwp\\\/2024\\\/10\\\/04\\\/lecoute-de-linconscient-a-lepreuve-du-numerique\\\/#primaryimage\"},\"thumbnailUrl\":\"https:\\\/\\\/sprf.asso.fr\\\/sprfwp\\\/wp-content\\\/uploads\\\/2021\\\/04\\\/SPRF_JS_2025_ima.jpg\",\"keywords\":[\"2025\"],\"articleSection\":[\"Journ\u00e9e scientifique\"],\"inLanguage\":\"fr-FR\"},{\"@type\":\"WebPage\",\"@id\":\"https:\\\/\\\/sprf.asso.fr\\\/sprfwp\\\/2024\\\/10\\\/04\\\/lecoute-de-linconscient-a-lepreuve-du-numerique\\\/\",\"url\":\"https:\\\/\\\/sprf.asso.fr\\\/sprfwp\\\/2024\\\/10\\\/04\\\/lecoute-de-linconscient-a-lepreuve-du-numerique\\\/\",\"name\":\"L'\u00e9coute de l'inconscient \u00e0 l'\u00e9preuve du num\u00e9rique - Soci\u00e9t\u00e9 Psychanalytique de Recherche et de Formation\",\"isPartOf\":{\"@id\":\"https:\\\/\\\/sprf.asso.fr\\\/sprfwp\\\/#website\"},\"primaryImageOfPage\":{\"@id\":\"https:\\\/\\\/sprf.asso.fr\\\/sprfwp\\\/2024\\\/10\\\/04\\\/lecoute-de-linconscient-a-lepreuve-du-numerique\\\/#primaryimage\"},\"image\":{\"@id\":\"https:\\\/\\\/sprf.asso.fr\\\/sprfwp\\\/2024\\\/10\\\/04\\\/lecoute-de-linconscient-a-lepreuve-du-numerique\\\/#primaryimage\"},\"thumbnailUrl\":\"https:\\\/\\\/sprf.asso.fr\\\/sprfwp\\\/wp-content\\\/uploads\\\/2021\\\/04\\\/SPRF_JS_2025_ima.jpg\",\"datePublished\":\"2024-10-04T11:52:02+00:00\",\"dateModified\":\"2025-01-29T16:13:12+00:00\",\"breadcrumb\":{\"@id\":\"https:\\\/\\\/sprf.asso.fr\\\/sprfwp\\\/2024\\\/10\\\/04\\\/lecoute-de-linconscient-a-lepreuve-du-numerique\\\/#breadcrumb\"},\"inLanguage\":\"fr-FR\",\"potentialAction\":[{\"@type\":\"ReadAction\",\"target\":[\"https:\\\/\\\/sprf.asso.fr\\\/sprfwp\\\/2024\\\/10\\\/04\\\/lecoute-de-linconscient-a-lepreuve-du-numerique\\\/\"]}]},{\"@type\":\"ImageObject\",\"inLanguage\":\"fr-FR\",\"@id\":\"https:\\\/\\\/sprf.asso.fr\\\/sprfwp\\\/2024\\\/10\\\/04\\\/lecoute-de-linconscient-a-lepreuve-du-numerique\\\/#primaryimage\",\"url\":\"https:\\\/\\\/sprf.asso.fr\\\/sprfwp\\\/wp-content\\\/uploads\\\/2021\\\/04\\\/SPRF_JS_2025_ima.jpg\",\"contentUrl\":\"https:\\\/\\\/sprf.asso.fr\\\/sprfwp\\\/wp-content\\\/uploads\\\/2021\\\/04\\\/SPRF_JS_2025_ima.jpg\",\"width\":745,\"height\":1054},{\"@type\":\"BreadcrumbList\",\"@id\":\"https:\\\/\\\/sprf.asso.fr\\\/sprfwp\\\/2024\\\/10\\\/04\\\/lecoute-de-linconscient-a-lepreuve-du-numerique\\\/#breadcrumb\",\"itemListElement\":[{\"@type\":\"ListItem\",\"position\":1,\"name\":\"Accueil\",\"item\":\"https:\\\/\\\/sprf.asso.fr\\\/sprfwp\\\/\"},{\"@type\":\"ListItem\",\"position\":2,\"name\":\"L&rsquo;\u00e9coute de l&rsquo;inconscient \u00e0 l&rsquo;\u00e9preuve du num\u00e9rique\"}]},{\"@type\":\"WebSite\",\"@id\":\"https:\\\/\\\/sprf.asso.fr\\\/sprfwp\\\/#website\",\"url\":\"https:\\\/\\\/sprf.asso.fr\\\/sprfwp\\\/\",\"name\":\"Soci\u00e9t\u00e9 Psychanalytique de Recherche et de Formation\",\"description\":\"Membre de l&#039;API - Fond\u00e9e en 2005\",\"publisher\":{\"@id\":\"https:\\\/\\\/sprf.asso.fr\\\/sprfwp\\\/#organization\"},\"potentialAction\":[{\"@type\":\"SearchAction\",\"target\":{\"@type\":\"EntryPoint\",\"urlTemplate\":\"https:\\\/\\\/sprf.asso.fr\\\/sprfwp\\\/?s={search_term_string}\"},\"query-input\":{\"@type\":\"PropertyValueSpecification\",\"valueRequired\":true,\"valueName\":\"search_term_string\"}}],\"inLanguage\":\"fr-FR\"},{\"@type\":\"Organization\",\"@id\":\"https:\\\/\\\/sprf.asso.fr\\\/sprfwp\\\/#organization\",\"name\":\"Soci\u00e9t\u00e9 Psychanalytique de Recherche et de Formation\",\"url\":\"https:\\\/\\\/sprf.asso.fr\\\/sprfwp\\\/\",\"logo\":{\"@type\":\"ImageObject\",\"inLanguage\":\"fr-FR\",\"@id\":\"https:\\\/\\\/sprf.asso.fr\\\/sprfwp\\\/#\\\/schema\\\/logo\\\/image\\\/\",\"url\":\"https:\\\/\\\/sprf.asso.fr\\\/sprfwp\\\/wp-content\\\/uploads\\\/2021\\\/09\\\/LogoIndex_K_260_neg-3_shade.png\",\"contentUrl\":\"https:\\\/\\\/sprf.asso.fr\\\/sprfwp\\\/wp-content\\\/uploads\\\/2021\\\/09\\\/LogoIndex_K_260_neg-3_shade.png\",\"width\":352,\"height\":201,\"caption\":\"Soci\u00e9t\u00e9 Psychanalytique de Recherche et de Formation\"},\"image\":{\"@id\":\"https:\\\/\\\/sprf.asso.fr\\\/sprfwp\\\/#\\\/schema\\\/logo\\\/image\\\/\"}},{\"@type\":\"Person\",\"@id\":\"https:\\\/\\\/sprf.asso.fr\\\/sprfwp\\\/#\\\/schema\\\/person\\\/5fbe27abc7e3b816c55fad5e20d3f8ce\",\"name\":\"Philippe Daubry\",\"image\":{\"@type\":\"ImageObject\",\"inLanguage\":\"fr-FR\",\"@id\":\"https:\\\/\\\/secure.gravatar.com\\\/avatar\\\/8f74531ae8c58c40cf5a154b71f16aa8d18e7db743dd622d635a4768f8fd6130?s=96&d=mm&r=g\",\"url\":\"https:\\\/\\\/secure.gravatar.com\\\/avatar\\\/8f74531ae8c58c40cf5a154b71f16aa8d18e7db743dd622d635a4768f8fd6130?s=96&d=mm&r=g\",\"contentUrl\":\"https:\\\/\\\/secure.gravatar.com\\\/avatar\\\/8f74531ae8c58c40cf5a154b71f16aa8d18e7db743dd622d635a4768f8fd6130?s=96&d=mm&r=g\",\"caption\":\"Philippe Daubry\"},\"url\":\"https:\\\/\\\/sprf.asso.fr\\\/sprfwp\\\/author\\\/phd\\\/\"}]}<\/script>\n<!-- \/ Yoast SEO plugin. -->","yoast_head_json":{"title":"L'\u00e9coute de l'inconscient \u00e0 l'\u00e9preuve du num\u00e9rique - Soci\u00e9t\u00e9 Psychanalytique de Recherche et de Formation","robots":{"index":"index","follow":"follow","max-snippet":"max-snippet:-1","max-image-preview":"max-image-preview:large","max-video-preview":"max-video-preview:-1"},"canonical":"https:\/\/sprf.asso.fr\/sprfwp\/2024\/10\/04\/lecoute-de-linconscient-a-lepreuve-du-numerique\/","og_locale":"fr_FR","og_type":"article","og_title":"L'\u00e9coute de l'inconscient \u00e0 l'\u00e9preuve du num\u00e9rique - Soci\u00e9t\u00e9 Psychanalytique de Recherche et de Formation","og_description":"JOURN\u00c9E SCIENTIFIQUE DE LA SPRF SAMEDI 25 JANVIER 2025 Association Quartier Notre-Dame-des-champs 92 bis boulevard du Montparnasse \u2013 75014 Paris &nbsp; ARGUMENT L\u2019enjeu majeur de la d\u00e9couverte freudienne est le surgissement des mots trouv\u00e9s cr\u00e9\u00e9s dans le vif du transfert et du contre transfert. Une rencontre \u00e0 nulle autre pareille o\u00f9 le psychanalyste \u00e9coute un [&hellip;]","og_url":"https:\/\/sprf.asso.fr\/sprfwp\/2024\/10\/04\/lecoute-de-linconscient-a-lepreuve-du-numerique\/","og_site_name":"Soci\u00e9t\u00e9 Psychanalytique de Recherche et de Formation","article_published_time":"2024-10-04T11:52:02+00:00","article_modified_time":"2025-01-29T16:13:12+00:00","og_image":[{"width":745,"height":1054,"url":"https:\/\/sprf.asso.fr\/sprfwp\/wp-content\/uploads\/2021\/04\/SPRF_JS_2025_ima.jpg","type":"image\/jpeg"}],"author":"Philippe Daubry","twitter_card":"summary_large_image","twitter_misc":{"\u00c9crit par":"Philippe Daubry","Dur\u00e9e de lecture estim\u00e9e":"6 minutes"},"schema":{"@context":"https:\/\/schema.org","@graph":[{"@type":"Article","@id":"https:\/\/sprf.asso.fr\/sprfwp\/2024\/10\/04\/lecoute-de-linconscient-a-lepreuve-du-numerique\/#article","isPartOf":{"@id":"https:\/\/sprf.asso.fr\/sprfwp\/2024\/10\/04\/lecoute-de-linconscient-a-lepreuve-du-numerique\/"},"author":{"name":"Philippe Daubry","@id":"https:\/\/sprf.asso.fr\/sprfwp\/#\/schema\/person\/5fbe27abc7e3b816c55fad5e20d3f8ce"},"headline":"L&rsquo;\u00e9coute de l&rsquo;inconscient \u00e0 l&rsquo;\u00e9preuve du num\u00e9rique","datePublished":"2024-10-04T11:52:02+00:00","dateModified":"2025-01-29T16:13:12+00:00","mainEntityOfPage":{"@id":"https:\/\/sprf.asso.fr\/sprfwp\/2024\/10\/04\/lecoute-de-linconscient-a-lepreuve-du-numerique\/"},"wordCount":1123,"publisher":{"@id":"https:\/\/sprf.asso.fr\/sprfwp\/#organization"},"image":{"@id":"https:\/\/sprf.asso.fr\/sprfwp\/2024\/10\/04\/lecoute-de-linconscient-a-lepreuve-du-numerique\/#primaryimage"},"thumbnailUrl":"https:\/\/sprf.asso.fr\/sprfwp\/wp-content\/uploads\/2021\/04\/SPRF_JS_2025_ima.jpg","keywords":["2025"],"articleSection":["Journ\u00e9e scientifique"],"inLanguage":"fr-FR"},{"@type":"WebPage","@id":"https:\/\/sprf.asso.fr\/sprfwp\/2024\/10\/04\/lecoute-de-linconscient-a-lepreuve-du-numerique\/","url":"https:\/\/sprf.asso.fr\/sprfwp\/2024\/10\/04\/lecoute-de-linconscient-a-lepreuve-du-numerique\/","name":"L'\u00e9coute de l'inconscient \u00e0 l'\u00e9preuve du num\u00e9rique - Soci\u00e9t\u00e9 Psychanalytique de Recherche et de Formation","isPartOf":{"@id":"https:\/\/sprf.asso.fr\/sprfwp\/#website"},"primaryImageOfPage":{"@id":"https:\/\/sprf.asso.fr\/sprfwp\/2024\/10\/04\/lecoute-de-linconscient-a-lepreuve-du-numerique\/#primaryimage"},"image":{"@id":"https:\/\/sprf.asso.fr\/sprfwp\/2024\/10\/04\/lecoute-de-linconscient-a-lepreuve-du-numerique\/#primaryimage"},"thumbnailUrl":"https:\/\/sprf.asso.fr\/sprfwp\/wp-content\/uploads\/2021\/04\/SPRF_JS_2025_ima.jpg","datePublished":"2024-10-04T11:52:02+00:00","dateModified":"2025-01-29T16:13:12+00:00","breadcrumb":{"@id":"https:\/\/sprf.asso.fr\/sprfwp\/2024\/10\/04\/lecoute-de-linconscient-a-lepreuve-du-numerique\/#breadcrumb"},"inLanguage":"fr-FR","potentialAction":[{"@type":"ReadAction","target":["https:\/\/sprf.asso.fr\/sprfwp\/2024\/10\/04\/lecoute-de-linconscient-a-lepreuve-du-numerique\/"]}]},{"@type":"ImageObject","inLanguage":"fr-FR","@id":"https:\/\/sprf.asso.fr\/sprfwp\/2024\/10\/04\/lecoute-de-linconscient-a-lepreuve-du-numerique\/#primaryimage","url":"https:\/\/sprf.asso.fr\/sprfwp\/wp-content\/uploads\/2021\/04\/SPRF_JS_2025_ima.jpg","contentUrl":"https:\/\/sprf.asso.fr\/sprfwp\/wp-content\/uploads\/2021\/04\/SPRF_JS_2025_ima.jpg","width":745,"height":1054},{"@type":"BreadcrumbList","@id":"https:\/\/sprf.asso.fr\/sprfwp\/2024\/10\/04\/lecoute-de-linconscient-a-lepreuve-du-numerique\/#breadcrumb","itemListElement":[{"@type":"ListItem","position":1,"name":"Accueil","item":"https:\/\/sprf.asso.fr\/sprfwp\/"},{"@type":"ListItem","position":2,"name":"L&rsquo;\u00e9coute de l&rsquo;inconscient \u00e0 l&rsquo;\u00e9preuve du num\u00e9rique"}]},{"@type":"WebSite","@id":"https:\/\/sprf.asso.fr\/sprfwp\/#website","url":"https:\/\/sprf.asso.fr\/sprfwp\/","name":"Soci\u00e9t\u00e9 Psychanalytique de Recherche et de Formation","description":"Membre de l&#039;API - Fond\u00e9e en 2005","publisher":{"@id":"https:\/\/sprf.asso.fr\/sprfwp\/#organization"},"potentialAction":[{"@type":"SearchAction","target":{"@type":"EntryPoint","urlTemplate":"https:\/\/sprf.asso.fr\/sprfwp\/?s={search_term_string}"},"query-input":{"@type":"PropertyValueSpecification","valueRequired":true,"valueName":"search_term_string"}}],"inLanguage":"fr-FR"},{"@type":"Organization","@id":"https:\/\/sprf.asso.fr\/sprfwp\/#organization","name":"Soci\u00e9t\u00e9 Psychanalytique de Recherche et de Formation","url":"https:\/\/sprf.asso.fr\/sprfwp\/","logo":{"@type":"ImageObject","inLanguage":"fr-FR","@id":"https:\/\/sprf.asso.fr\/sprfwp\/#\/schema\/logo\/image\/","url":"https:\/\/sprf.asso.fr\/sprfwp\/wp-content\/uploads\/2021\/09\/LogoIndex_K_260_neg-3_shade.png","contentUrl":"https:\/\/sprf.asso.fr\/sprfwp\/wp-content\/uploads\/2021\/09\/LogoIndex_K_260_neg-3_shade.png","width":352,"height":201,"caption":"Soci\u00e9t\u00e9 Psychanalytique de Recherche et de Formation"},"image":{"@id":"https:\/\/sprf.asso.fr\/sprfwp\/#\/schema\/logo\/image\/"}},{"@type":"Person","@id":"https:\/\/sprf.asso.fr\/sprfwp\/#\/schema\/person\/5fbe27abc7e3b816c55fad5e20d3f8ce","name":"Philippe Daubry","image":{"@type":"ImageObject","inLanguage":"fr-FR","@id":"https:\/\/secure.gravatar.com\/avatar\/8f74531ae8c58c40cf5a154b71f16aa8d18e7db743dd622d635a4768f8fd6130?s=96&d=mm&r=g","url":"https:\/\/secure.gravatar.com\/avatar\/8f74531ae8c58c40cf5a154b71f16aa8d18e7db743dd622d635a4768f8fd6130?s=96&d=mm&r=g","contentUrl":"https:\/\/secure.gravatar.com\/avatar\/8f74531ae8c58c40cf5a154b71f16aa8d18e7db743dd622d635a4768f8fd6130?s=96&d=mm&r=g","caption":"Philippe Daubry"},"url":"https:\/\/sprf.asso.fr\/sprfwp\/author\/phd\/"}]}},"_links":{"self":[{"href":"https:\/\/sprf.asso.fr\/sprfwp\/wp-json\/wp\/v2\/posts\/10209","targetHints":{"allow":["GET"]}}],"collection":[{"href":"https:\/\/sprf.asso.fr\/sprfwp\/wp-json\/wp\/v2\/posts"}],"about":[{"href":"https:\/\/sprf.asso.fr\/sprfwp\/wp-json\/wp\/v2\/types\/post"}],"author":[{"embeddable":true,"href":"https:\/\/sprf.asso.fr\/sprfwp\/wp-json\/wp\/v2\/users\/3"}],"replies":[{"embeddable":true,"href":"https:\/\/sprf.asso.fr\/sprfwp\/wp-json\/wp\/v2\/comments?post=10209"}],"version-history":[{"count":28,"href":"https:\/\/sprf.asso.fr\/sprfwp\/wp-json\/wp\/v2\/posts\/10209\/revisions"}],"predecessor-version":[{"id":10616,"href":"https:\/\/sprf.asso.fr\/sprfwp\/wp-json\/wp\/v2\/posts\/10209\/revisions\/10616"}],"wp:featuredmedia":[{"embeddable":true,"href":"https:\/\/sprf.asso.fr\/sprfwp\/wp-json\/wp\/v2\/media\/10208"}],"wp:attachment":[{"href":"https:\/\/sprf.asso.fr\/sprfwp\/wp-json\/wp\/v2\/media?parent=10209"}],"wp:term":[{"taxonomy":"category","embeddable":true,"href":"https:\/\/sprf.asso.fr\/sprfwp\/wp-json\/wp\/v2\/categories?post=10209"},{"taxonomy":"post_tag","embeddable":true,"href":"https:\/\/sprf.asso.fr\/sprfwp\/wp-json\/wp\/v2\/tags?post=10209"}],"curies":[{"name":"wp","href":"https:\/\/api.w.org\/{rel}","templated":true}]}}